{"id":4946,"date":"2024-06-06T14:58:01","date_gmt":"2024-06-06T21:58:01","guid":{"rendered":"https:\/\/elreporterodelacomunidad.com\/?p=4946"},"modified":"2024-06-06T14:58:08","modified_gmt":"2024-06-06T21:58:08","slug":"en-prision-preventiva-eduardo-n-por-intento-de-homicidio-y-lesiones","status":"publish","type":"post","link":"https:\/\/elreporterodelacomunidad.com\/index.php\/2024\/06\/06\/en-prision-preventiva-eduardo-n-por-intento-de-homicidio-y-lesiones\/","title":{"rendered":"En prisi\u00f3n preventiva Eduardo \u201cN\u201d por intento de homicidio y lesiones."},"content":{"rendered":"\n<p><\/p>\n\n\n\n<p id=\"geom_inter_1717711008913_47_38\">Al sujeto se le acusa de allanar una vivienda y apu\u00f1alar al actual novio de su ex pareja.<\/p>\n\n\n\n<p id=\"geom_inter_1717710997897_79_33\"><strong>Hermosillo, Sonora a 06 de junio de 2024.-<\/strong>\u00a0La Fiscal\u00eda General de Justicia del Estado de Sonora (FGJES) logr\u00f3 que un Juez vinculara a proceso y determinara la prisi\u00f3n preventiva justificada en contra de Eduardo \u201cN\u201d por su probable responsabilidad por los delitos de homicidio calificado en grado de tentativa y lesiones que tardan m\u00e1s de quince d\u00edas en sanar y no ponen en riesgo la vida.<\/p>\n\n\n\n<p id=\"geom_inter_1717710997898_57_34\">Los hechos tuvieron lugar aproximadamente a las 06:40 horas del pasado 2 de junio en una vivienda de la colonia Laura Alicia Fr\u00edas, al norte de Hermosillo, cuando el imputado, presuntamente, allan\u00f3 la vivienda y aprovechando que la v\u00edctima, Jes\u00fas Antonio \u201cN\u201d, se encontraba dormido, lo atac\u00f3 con un cuchillo, ya que actualmente mantiene una relaci\u00f3n sentimental con su ex pareja.<\/p>\n\n\n\n<p id=\"geom_inter_1717711009895_78_42\">Fue en ese momento que Norma \u201cN\u201d, ex pareja del presunto agresor, despert\u00f3 e interfiri\u00f3 en el ataque, tratando de defender a Jes\u00fas Antonio \u201cN\u201d, ante lo cual el imputado la golpe\u00f3 en repetidas ocasiones, acudiendo en su auxilio los dem\u00e1s moradores de la vivienda, quienes lograron hacer que el imputado saliera del domicilio.<\/p>\n\n\n\n<p id=\"geom_inter_1717711009895_72_43\">Mediante diversos m\u00e9todos de investigaci\u00f3n se obtuvieron datos de prueba suficientes para establecer la probable responsabilidad del agresor y el Agente del Ministerio P\u00fablico solicit\u00f3 en audiencia que se vinculara a proceso, lo que el representante del Poder Judicial consider\u00f3 conducente, determinando adem\u00e1s, prisi\u00f3n preventiva justificada como medida cautelar.<\/p>\n\n\n\n<p>Por su parte, la Fiscal\u00eda General de Justicia del Estado de Sonora (FGJES) continuar\u00e1 las investigaciones para lograr una sentencia condenatoria, reiterando su compromiso de lograr el acceso a la justicia para las v\u00edctimas del delito.<\/p>\n","protected":false},"excerpt":{"rendered":"<p>Al sujeto se le acusa de allanar una vivienda y apu\u00f1alar al actual novio de su ex pareja. Hermosillo, Sonora a 06 de junio de 2024.-\u00a0La Fiscal\u00eda General de Justicia del Estado de Sonora (FGJES) logr\u00f3 que un Juez vinculara a proceso y determinara la prisi\u00f3n preventiva justificada en contra de Eduardo \u201cN\u201d por su [&hellip;]<\/p>\n","protected":false},"author":1,"featured_media":4947,"comment_status":"open","ping_status":"open","sticky":false,"template":"","format":"standard","meta":{"footnotes":""},"categories":[34,32],"tags":[],"class_list":["post-4946","post","type-post","status-publish","format-standard","has-post-thumbnail","hentry","category-general","category-policiaca"],"_links":{"self":[{"href":"https:\/\/elreporterodelacomunidad.com\/index.php\/wp-json\/wp\/v2\/posts\/4946","targetHints":{"allow":["GET"]}}],"collection":[{"href":"https:\/\/elreporterodelacomunidad.com\/index.php\/wp-json\/wp\/v2\/posts"}],"about":[{"href":"https:\/\/elreporterodelacomunidad.com\/index.php\/wp-json\/wp\/v2\/types\/post"}],"author":[{"embeddable":true,"href":"https:\/\/elreporterodelacomunidad.com\/index.php\/wp-json\/wp\/v2\/users\/1"}],"replies":[{"embeddable":true,"href":"https:\/\/elreporterodelacomunidad.com\/index.php\/wp-json\/wp\/v2\/comments?post=4946"}],"version-history":[{"count":1,"href":"https:\/\/elreporterodelacomunidad.com\/index.php\/wp-json\/wp\/v2\/posts\/4946\/revisions"}],"predecessor-version":[{"id":4948,"href":"https:\/\/elreporterodelacomunidad.com\/index.php\/wp-json\/wp\/v2\/posts\/4946\/revisions\/4948"}],"wp:featuredmedia":[{"embeddable":true,"href":"https:\/\/elreporterodelacomunidad.com\/index.php\/wp-json\/wp\/v2\/media\/4947"}],"wp:attachment":[{"href":"https:\/\/elreporterodelacomunidad.com\/index.php\/wp-json\/wp\/v2\/media?parent=4946"}],"wp:term":[{"taxonomy":"category","embeddable":true,"href":"https:\/\/elreporterodelacomunidad.com\/index.php\/wp-json\/wp\/v2\/categories?post=4946"},{"taxonomy":"post_tag","embeddable":true,"href":"https:\/\/elreporterodelacomunidad.com\/index.php\/wp-json\/wp\/v2\/tags?post=4946"}],"curies":[{"name":"wp","href":"https:\/\/api.w.org\/{rel}","templated":true}]}}