{"id":4788,"date":"2024-06-03T19:26:11","date_gmt":"2024-06-04T02:26:11","guid":{"rendered":"https:\/\/elreporterodelacomunidad.com\/?p=4788"},"modified":"2024-06-03T19:26:17","modified_gmt":"2024-06-04T02:26:17","slug":"4788","status":"publish","type":"post","link":"https:\/\/elreporterodelacomunidad.com\/index.php\/2024\/06\/03\/4788\/","title":{"rendered":""},"content":{"rendered":"\n<p>Recibe Unison a 120 estudiantes que trabajar\u00e1n con 56 investigadores durante el verano<\/p>\n\n\n\n<p>HERMOSILLO, SONORA A 03 DE JUNIO DEL 2024.- La Universidad de Sonora, a trav\u00e9s de la Subdirecci\u00f3n de Cooperaci\u00f3n, Movilidad e Internacionalizaci\u00f3n, recibi\u00f3 esta ma\u00f1ana a 120 j\u00f3venes provenientes de varias universidades del pa\u00eds y del extranjero que realizar\u00e1n su Verano de Investigaci\u00f3n Cient\u00edfica como parte del programa Delf\u00edn 2024.<\/p>\n\n\n\n<p>Fue la rectora Mar\u00eda Rita Plancarte Mart\u00ednez quien encabez\u00f3 la ceremonia de arranque de las actividades que, por siete semanas, llevar\u00e1n a cabo los estudiantes al lado de 56 investigadores de gran trayectoria de esta casa de estudios.<\/p>\n\n\n\n<p>Plancarte Mart\u00ednez dijo sentirse honrada por la preferencia de los alumnos que eligieron a la Universidad de Sonora para realizar estudios de verano y, al invitarlos a aprovechar su estancia, resalt\u00f3 que los acad\u00e9micos que participan en esta edici\u00f3n hacen investigaci\u00f3n pertinente y de alto nivel<\/p>\n\n\n\n<p>\u201cUstedes, al trabajar con ellos, corroborar\u00e1n esta potencialidad que tiene la Universidad que, seguramente, les apoyar\u00e1 para definir sus vocaciones cient\u00edficas y les har\u00e1 ver la importancia de trabajar en un lugar que no solamente es c\u00e1lido en su clima, sino tambi\u00e9n en su trato con los profesores y profesoras que son sumamente amables y entregados a su trabajo\u201d, enfatiz\u00f3.<\/p>\n\n\n\n<p>Aprovech\u00f3 para agradecer tambi\u00e9n a los docentes universitarios que est\u00e1n recibiendo a los estudiantes.<\/p>\n\n\n\n<p>\u201cCr\u00e9anme que estos d\u00edas van a ser de mucho aprendizaje, tanto para nosotros, los profesores y profesoras, pues tambi\u00e9n aprendemos de nuestros alumnos, como para ustedes\u201d, afirm\u00f3.<\/p>\n\n\n\n<p>Bienvenida a 120 estudiantes del programa de Verano Delf\u00edn 2024<\/p>\n\n\n\n<p>La bienvenida tambi\u00e9n la ofrecieron la titular de la Subdirecci\u00f3n de Cooperaci\u00f3n Movilidad e Internacionalizaci\u00f3n, Marisol Delgado Torres y Carmen Lizette Del Toro, quien habl\u00f3 en representaci\u00f3n del grupo de docentes que participan y reciben a estudiantes durante estas semanas de verano.<\/p>\n\n\n\n<p>Delgado Torres precis\u00f3 que los j\u00f3venes provienen de lugares como Nicaragua, Per\u00fa, Colombia y M\u00e9xico.<\/p>\n\n\n\n<p>En tanto, Del Toro, se refiri\u00f3 a las diferentes emociones que pasan por los docentes desde el momento en el que se realiza la invitaci\u00f3n a los investigadores por parte del programa Delf\u00edn para participar.<\/p>\n\n\n\n<p>\u201cCon mucho entusiasmo, tratamos de colocar nuestras l\u00edneas de investigaci\u00f3n lo m\u00e1s entendible posible para que ustedes, estudiantes, puedan comprender lo que realizamos en nuestros laboratorios o en nuestra instituci\u00f3n\u201d, coment\u00f3.<\/p>\n\n\n\n<p>En este arranque de actividades para el programa de Verano Cient\u00edfico Delf\u00edn 2024 en la Universidad de Sonora tambi\u00e9n estuvieron presentes el secretario General Acad\u00e9mico, Ram\u00f3n Enrique Robles Zepeda; la directora de Apoyo a Estudiantes, Mar\u00eda Olga Quintana Zavala, adem\u00e1s de otros funcionarios y docentes universitarios.<\/p>\n","protected":false},"excerpt":{"rendered":"<p>Recibe Unison a 120 estudiantes que trabajar\u00e1n con 56 investigadores durante el verano HERMOSILLO, SONORA A 03 DE JUNIO DEL 2024.- La Universidad de Sonora, a trav\u00e9s de la Subdirecci\u00f3n de Cooperaci\u00f3n, Movilidad e Internacionalizaci\u00f3n, recibi\u00f3 esta ma\u00f1ana a 120 j\u00f3venes provenientes de varias universidades del pa\u00eds y del extranjero que realizar\u00e1n su Verano de [&hellip;]<\/p>\n","protected":false},"author":1,"featured_media":4789,"comment_status":"open","ping_status":"open","sticky":false,"template":"","format":"standard","meta":{"footnotes":""},"categories":[36,34],"tags":[],"class_list":["post-4788","post","type-post","status-publish","format-standard","has-post-thumbnail","hentry","category-educacion","category-general"],"_links":{"self":[{"href":"https:\/\/elreporterodelacomunidad.com\/index.php\/wp-json\/wp\/v2\/posts\/4788","targetHints":{"allow":["GET"]}}],"collection":[{"href":"https:\/\/elreporterodelacomunidad.com\/index.php\/wp-json\/wp\/v2\/posts"}],"about":[{"href":"https:\/\/elreporterodelacomunidad.com\/index.php\/wp-json\/wp\/v2\/types\/post"}],"author":[{"embeddable":true,"href":"https:\/\/elreporterodelacomunidad.com\/index.php\/wp-json\/wp\/v2\/users\/1"}],"replies":[{"embeddable":true,"href":"https:\/\/elreporterodelacomunidad.com\/index.php\/wp-json\/wp\/v2\/comments?post=4788"}],"version-history":[{"count":1,"href":"https:\/\/elreporterodelacomunidad.com\/index.php\/wp-json\/wp\/v2\/posts\/4788\/revisions"}],"predecessor-version":[{"id":4790,"href":"https:\/\/elreporterodelacomunidad.com\/index.php\/wp-json\/wp\/v2\/posts\/4788\/revisions\/4790"}],"wp:featuredmedia":[{"embeddable":true,"href":"https:\/\/elreporterodelacomunidad.com\/index.php\/wp-json\/wp\/v2\/media\/4789"}],"wp:attachment":[{"href":"https:\/\/elreporterodelacomunidad.com\/index.php\/wp-json\/wp\/v2\/media?parent=4788"}],"wp:term":[{"taxonomy":"category","embeddable":true,"href":"https:\/\/elreporterodelacomunidad.com\/index.php\/wp-json\/wp\/v2\/categories?post=4788"},{"taxonomy":"post_tag","embeddable":true,"href":"https:\/\/elreporterodelacomunidad.com\/index.php\/wp-json\/wp\/v2\/tags?post=4788"}],"curies":[{"name":"wp","href":"https:\/\/api.w.org\/{rel}","templated":true}]}}