{"id":476,"date":"2024-04-17T00:00:00","date_gmt":"2024-04-17T07:00:00","guid":{"rendered":"https:\/\/elreporterodelacomunidad.com\/index.php\/2024\/04\/17\/por-abuso-sexual-agravado-capturan-a-intendente-de-un-plantel-educativo-de-navojoa\/"},"modified":"2024-05-18T22:06:28","modified_gmt":"2024-05-19T05:06:28","slug":"por-abuso-sexual-agravado-capturan-a-intendente-de-un-plantel-educativo-de-navojoa","status":"publish","type":"post","link":"https:\/\/elreporterodelacomunidad.com\/index.php\/2024\/04\/17\/por-abuso-sexual-agravado-capturan-a-intendente-de-un-plantel-educativo-de-navojoa\/","title":{"rendered":"Por abuso sexual agravado capturan a intendente de un plantel educativo de Navojoa"},"content":{"rendered":"<div>Elementos de la Agencia Ministerial de Investigaci\u00f3n Criminal (AMIC) capturaron a Gilberto \u201cN\u201d, de 55 a\u00f1os, por su probable responsabilidad por el delito de abuso sexual agravado cometido en perjuicio de una menor de edad, de identidad reservada, en el interior de un plantel privado de educaci\u00f3n b\u00e1sica.<\/div>\n<div><\/div>\n<div>De acuerdo a lo establecido con s\u00f3lidos medios de prueba en la carpeta de investigaci\u00f3n, el detenido se desempe\u00f1aba como intendente de una escuela privada de la colonia Los Naranjos de Navojoa, Sonora, sitio donde aprovech\u00f3 que se encontraba a solas con la v\u00edctima para tocarla, no obstante, la menor logr\u00f3 escapar.<\/div>\n<div><\/div>\n<div>Tras lo anterior se efectu\u00f3 la denuncia correspondiente y esta representaci\u00f3n social comenz\u00f3 las acciones de investigaci\u00f3n para posteriormente obtener del Juez de Control una orden de aprehensi\u00f3n que ejecutaron elementos ministeriales.<\/div>\n<div><\/div>\n<div>Ahora, el sujeto se encuentra en prisi\u00f3n preventiva justificada, esperando que sean los tribunales quienes determinen su situaci\u00f3n jur\u00eddica, por su parte, la Fiscal\u00eda General de Justicia del Estado de Sonora (FGJES) buscar\u00e1 la sanci\u00f3n m\u00e1s alta que la ley permita para este tipo de delitos.<\/div>\n","protected":false},"excerpt":{"rendered":"<p>Elementos de la Agencia Ministerial de Investigaci\u00f3n Criminal (AMIC) capturaron a Gilberto \u201cN\u201d, de 55 a\u00f1os, por su probable responsabilidad por el delito de abuso sexual agravado cometido en perjuicio de una menor de edad, de identidad reservada, en el interior de un plantel privado de educaci\u00f3n b\u00e1sica. De acuerdo a lo establecido con s\u00f3lidos [&hellip;]<\/p>\n","protected":false},"author":1,"featured_media":1080,"comment_status":"open","ping_status":"open","sticky":false,"template":"","format":"standard","meta":{"footnotes":""},"categories":[32],"tags":[],"class_list":["post-476","post","type-post","status-publish","format-standard","has-post-thumbnail","hentry","category-policiaca"],"_links":{"self":[{"href":"https:\/\/elreporterodelacomunidad.com\/index.php\/wp-json\/wp\/v2\/posts\/476","targetHints":{"allow":["GET"]}}],"collection":[{"href":"https:\/\/elreporterodelacomunidad.com\/index.php\/wp-json\/wp\/v2\/posts"}],"about":[{"href":"https:\/\/elreporterodelacomunidad.com\/index.php\/wp-json\/wp\/v2\/types\/post"}],"author":[{"embeddable":true,"href":"https:\/\/elreporterodelacomunidad.com\/index.php\/wp-json\/wp\/v2\/users\/1"}],"replies":[{"embeddable":true,"href":"https:\/\/elreporterodelacomunidad.com\/index.php\/wp-json\/wp\/v2\/comments?post=476"}],"version-history":[{"count":1,"href":"https:\/\/elreporterodelacomunidad.com\/index.php\/wp-json\/wp\/v2\/posts\/476\/revisions"}],"predecessor-version":[{"id":1079,"href":"https:\/\/elreporterodelacomunidad.com\/index.php\/wp-json\/wp\/v2\/posts\/476\/revisions\/1079"}],"wp:featuredmedia":[{"embeddable":true,"href":"https:\/\/elreporterodelacomunidad.com\/index.php\/wp-json\/wp\/v2\/media\/1080"}],"wp:attachment":[{"href":"https:\/\/elreporterodelacomunidad.com\/index.php\/wp-json\/wp\/v2\/media?parent=476"}],"wp:term":[{"taxonomy":"category","embeddable":true,"href":"https:\/\/elreporterodelacomunidad.com\/index.php\/wp-json\/wp\/v2\/categories?post=476"},{"taxonomy":"post_tag","embeddable":true,"href":"https:\/\/elreporterodelacomunidad.com\/index.php\/wp-json\/wp\/v2\/tags?post=476"}],"curies":[{"name":"wp","href":"https:\/\/api.w.org\/{rel}","templated":true}]}}