{"id":4709,"date":"2024-05-31T19:57:39","date_gmt":"2024-06-01T02:57:39","guid":{"rendered":"https:\/\/elreporterodelacomunidad.com\/?p=4709"},"modified":"2024-05-31T19:57:41","modified_gmt":"2024-06-01T02:57:41","slug":"obtiene-fgjes-sentencia-historica-de-225-anos-para-dos-sujetos-por-secuestro-y-feminicidio","status":"publish","type":"post","link":"https:\/\/elreporterodelacomunidad.com\/index.php\/2024\/05\/31\/obtiene-fgjes-sentencia-historica-de-225-anos-para-dos-sujetos-por-secuestro-y-feminicidio\/","title":{"rendered":"Obtiene FGJES sentencia hist\u00f3rica de 225 a\u00f1os para dos sujetos por secuestro y feminicidio."},"content":{"rendered":"\n<p><\/p>\n\n\n\n<p>Se les comprob\u00f3 su responsabilidad por un doble feminicidio y desaparici\u00f3n de personas<\/p>\n\n\n\n<p>Guaymas, Sonora, 31 de mayo de 2024.- La Fiscal\u00eda General de Justicia del Estado de Sonora (FGJES) logr\u00f3 comprobar ante el Juez la culpabilidad de Fernando Ildefonso \u201cN\u201d y Conrado \u201cN\u201d por los delitos de desaparici\u00f3n cometida por particulares en n\u00famero de dos, feminicidio en n\u00famero de dos y delito vinculado con la desaparici\u00f3n de personas, todos en concurso real de delitos, obteniendo una sentencia hist\u00f3rica de 225 a\u00f1os de prisi\u00f3n para cada uno de ellos.<\/p>\n\n\n\n<p>Con una investigaci\u00f3n contundente, en la que se integraron medios de prueba tanto cient\u00edficos como testimoniales, se logr\u00f3 comprobar la culpabilidad de ambos sujetos por los hechos ocurridos el 21 de mayo de 2022, en una casa ubicada en el ejido San Jos\u00e9, municipio de Guaymas, Sonora.<\/p>\n\n\n\n<p>En el referido lugar y fecha, Karla Gabriela \u201cN\u201d fue llevada a un domicilio en contra de su voluntad y retenida por los imputados, quienes la amenazaron de muerte si no les daba informaci\u00f3n sobre la obtenci\u00f3n de un narc\u00f3tico que le fue encontrado por sus captores.<\/p>\n\n\n\n<p>Tras obtener la informaci\u00f3n de la v\u00edctima sobre otra mujer con la que hab\u00eda consumido droga, los imputados regresaron con la segunda v\u00edctima, hasta el momento no identificada, y tambi\u00e9n fue retenida contra su voluntad; de modo que ambas mujeres fueron retenidas y lesionadas durante una semana.<\/p>\n\n\n\n<p>El 28 de mayo de 2022 los sentenciados informaron a las v\u00edctimas que ser\u00edan liberadas, pero, en lugar de hacerlo, las amarraron de manos y pies, les cubrieron los ojos y las estrangularon utilizando un torniquete para, posteriormente, trasladar los cuerpos a unos hoyos cercanos al domicilio donde las sepultaron.<\/p>\n\n\n\n<p>Lo anterior, demostrado m\u00e1s all\u00e1 de la duda razonable con pruebas por investigaciones de campo y gabinete, derivaron en una pena hist\u00f3rica de 225 a\u00f1os y 3 meses de prisi\u00f3n para cada uno de los sentenciados.<\/p>\n\n\n\n<p>Con estos resultados, la Fiscal\u00eda General de Justicia del Estado de Sonora (FGJES) reafirma su compromiso de castigar severamente a quienes resulten responsables por cr\u00edmenes de esta naturaleza, que atentan contra el derecho de las mujeres a una vida libre de violencia y ofenden profundamente a la sociedad.<\/p>\n","protected":false},"excerpt":{"rendered":"<p>Se les comprob\u00f3 su responsabilidad por un doble feminicidio y desaparici\u00f3n de personas Guaymas, Sonora, 31 de mayo de 2024.- La Fiscal\u00eda General de Justicia del Estado de Sonora (FGJES) logr\u00f3 comprobar ante el Juez la culpabilidad de Fernando Ildefonso \u201cN\u201d y Conrado \u201cN\u201d por los delitos de desaparici\u00f3n cometida por particulares en n\u00famero de [&hellip;]<\/p>\n","protected":false},"author":1,"featured_media":4710,"comment_status":"open","ping_status":"open","sticky":false,"template":"","format":"standard","meta":{"footnotes":""},"categories":[32,26],"tags":[],"class_list":["post-4709","post","type-post","status-publish","format-standard","has-post-thumbnail","hentry","category-policiaca","category-principal"],"_links":{"self":[{"href":"https:\/\/elreporterodelacomunidad.com\/index.php\/wp-json\/wp\/v2\/posts\/4709","targetHints":{"allow":["GET"]}}],"collection":[{"href":"https:\/\/elreporterodelacomunidad.com\/index.php\/wp-json\/wp\/v2\/posts"}],"about":[{"href":"https:\/\/elreporterodelacomunidad.com\/index.php\/wp-json\/wp\/v2\/types\/post"}],"author":[{"embeddable":true,"href":"https:\/\/elreporterodelacomunidad.com\/index.php\/wp-json\/wp\/v2\/users\/1"}],"replies":[{"embeddable":true,"href":"https:\/\/elreporterodelacomunidad.com\/index.php\/wp-json\/wp\/v2\/comments?post=4709"}],"version-history":[{"count":1,"href":"https:\/\/elreporterodelacomunidad.com\/index.php\/wp-json\/wp\/v2\/posts\/4709\/revisions"}],"predecessor-version":[{"id":4711,"href":"https:\/\/elreporterodelacomunidad.com\/index.php\/wp-json\/wp\/v2\/posts\/4709\/revisions\/4711"}],"wp:featuredmedia":[{"embeddable":true,"href":"https:\/\/elreporterodelacomunidad.com\/index.php\/wp-json\/wp\/v2\/media\/4710"}],"wp:attachment":[{"href":"https:\/\/elreporterodelacomunidad.com\/index.php\/wp-json\/wp\/v2\/media?parent=4709"}],"wp:term":[{"taxonomy":"category","embeddable":true,"href":"https:\/\/elreporterodelacomunidad.com\/index.php\/wp-json\/wp\/v2\/categories?post=4709"},{"taxonomy":"post_tag","embeddable":true,"href":"https:\/\/elreporterodelacomunidad.com\/index.php\/wp-json\/wp\/v2\/tags?post=4709"}],"curies":[{"name":"wp","href":"https:\/\/api.w.org\/{rel}","templated":true}]}}