{"id":4706,"date":"2024-05-31T19:54:14","date_gmt":"2024-06-01T02:54:14","guid":{"rendered":"https:\/\/elreporterodelacomunidad.com\/?p=4706"},"modified":"2024-05-31T19:54:16","modified_gmt":"2024-06-01T02:54:16","slug":"adelanta-unison-publicacion-de-resultados-del-examen-ceneval-de-primer-ingreso","status":"publish","type":"post","link":"https:\/\/elreporterodelacomunidad.com\/index.php\/2024\/05\/31\/adelanta-unison-publicacion-de-resultados-del-examen-ceneval-de-primer-ingreso\/","title":{"rendered":"Adelanta Unison publicaci\u00f3n de resultados del examen Ceneval de primer ingreso."},"content":{"rendered":"\n<p><\/p>\n\n\n\n<p>Hermosillo, Sonora a 31 de Mayo del 2024.- La Universidad de Sonora realiz\u00f3 la primera publicaci\u00f3n de resultados del examen Ceneval este 31 de mayo de 2024, adelantando la fecha prevista en la convocatoria.<\/p>\n\n\n\n<p>Gema Karina Ibarra Tor\u00faa, titular de la Direcci\u00f3n de Servicios Escolares, inform\u00f3 que la Universidad recibi\u00f3 la informaci\u00f3n antes de lo previsto y quisieron que muchos tuvieran muy buenas noticias desde hoy.<\/p>\n\n\n\n<p>\u201cCreo que todos despertamos con la sorpresa de que adelantamos la fecha de publicaci\u00f3n de resultados que se ten\u00eda prevista para el 4 de junio, el martes que viene, pero decidimos darles la sorpresa a nuestros pr\u00f3ximos b\u00fahos para que no est\u00e9n con la incertidumbre y que disfruten su graduaci\u00f3n\u201d, expres\u00f3.<\/p>\n\n\n\n<p>Tor\u00faa Ibarra a\u00f1adi\u00f3 que las otras fechas marcadas en la convocatoria contin\u00faan igual, de tal forma que las inscripciones ser\u00e1n los d\u00edas 5, 6 y 7, de acuerdo al d\u00eda y la hora que se les inform\u00f3 a trav\u00e9s del correo electr\u00f3nico.<\/p>\n\n\n\n<p>La quinta etapa<\/p>\n\n\n\n<p>La titular de la Direcci\u00f3n de Servicios Escolares record\u00f3 que la instituci\u00f3n tiene este a\u00f1o 9,230 espacios en el Proceso de Admisi\u00f3n y, en la publicaci\u00f3n de resultados por promedio se llam\u00f3 a 5,676 aspirantes, de los cuales se inscribieron 4,232.<\/p>\n\n\n\n<p>En esta etapa, la quinta de la convocatoria, se han llamado, dijo, a 5,830 aspirantes, lo que significa que, en lo que va del proceso, se han convocado a m\u00e1s de 10 mil j\u00f3venes para que formen parte de la comunidad de b\u00fahos.<\/p>\n\n\n\n<p>Explic\u00f3 que estos n\u00fameros indican que ya se llenaron los espacios en el proceso por promedio, pues muchos de ellos se inscribieron esperando haber quedado en su carrera de preferencia en esta publicaci\u00f3n de resultados por Ceneval.<\/p>\n\n\n\n<p>A\u00f1adi\u00f3 que los j\u00f3venes que se inscribieron en la etapa anterior y ahora quedaron por el examen en su carrera de preferencia, solamente deben hacer el cambio en el mismo portal. Al respecto, explic\u00f3 que quienes ya est\u00e1n inscritos y quedaron en otra carrera les aparecer\u00e1 una liga en color verde y \u00fanicamente tienen que se\u00f1alarla para realizar el cambio de su inscripci\u00f3n.<\/p>\n\n\n\n<p>\u201cQuiz\u00e1s no hab\u00edan sido aceptados en su primera opci\u00f3n, como Medicina u Odontolog\u00eda &#8211; nuestras carreras m\u00e1s demandadas y por las que hab\u00eda que hacer el examen Ceneval -, entonces es muy posible que estos muchachos se nos van a mover y van a quedar espacios para otros j\u00f3venes.<\/p>\n\n\n\n<p>\u201cEs por eso que les decimos a quienes a\u00fan no han aparecido en las listas que no se desanimen porque sabemos que muchos no concluyen el proceso de inscripci\u00f3n o no lo hacen porque tienen otro ofrecimiento u otra situaci\u00f3n, incluso la movilidad de su familia a otro estado o pa\u00eds\u201d, coment\u00f3.<\/p>\n\n\n\n<p>Llaman a inscribirse en tiempo y forma<\/p>\n\n\n\n<p>Ibarra Tor\u00faa reiter\u00f3 la recomendaci\u00f3n a los j\u00f3venes llamados a que se inscriban para que no pierdan el lugar en la Universidad de Sonora ya que, en el primer corrimiento de listas, que se publicar\u00e1 el 16 de junio podr\u00edan todav\u00eda alcanzar un lugar en su carrera de preferencia.<\/p>\n\n\n\n<p>Record\u00f3 que la publicaci\u00f3n por segundo corrimiento se realizar\u00e1 el 23 de junio y los que a\u00fan esperan su primera opci\u00f3n y en estas etapas lo logran, pueden cambiar su inscripci\u00f3n autom\u00e1ticamente en el mismo portal de aspirantes.<\/p>\n\n\n\n<p>La funcionaria universitaria explic\u00f3 que los alumnos pueden inscribirse y pagar lo correspondiente a trav\u00e9s de la misma p\u00e1gina y tambi\u00e9n pueden imprimir la boleta y acudir al banco a realizar el tr\u00e1mite.<\/p>\n\n\n\n<p>\u201cLos j\u00f3venes que ya estaban inscritos por promedio, que ya hab\u00edan sido aceptados, les aparece un bot\u00f3n azul que indica que ya est\u00e1 inscrito, pero a lo mejor ahora recibieron la buena noticia de haber sido aceptados en otra carrera, la de su preferencia, y le aparecer\u00e1 un bot\u00f3n verde de aceptado, por lo que s\u00f3lo tiene que picar el bot\u00f3n y el proceso de inscripci\u00f3n se cambia en autom\u00e1tico\u201d, reiter\u00f3.<\/p>\n\n\n\n<p>Asimismo, la directora de Servicios Escolares precis\u00f3 que son las carreras de Medicina, Odontolog\u00eda, Veterinaria, Derecho, Contabilidad, Ingenier\u00eda Industrial, Ingenier\u00eda Civil y Psicolog\u00eda, las m\u00e1s solicitadas en los procesos de admisi\u00f3n.<\/p>\n","protected":false},"excerpt":{"rendered":"<p>Hermosillo, Sonora a 31 de Mayo del 2024.- La Universidad de Sonora realiz\u00f3 la primera publicaci\u00f3n de resultados del examen Ceneval este 31 de mayo de 2024, adelantando la fecha prevista en la convocatoria. Gema Karina Ibarra Tor\u00faa, titular de la Direcci\u00f3n de Servicios Escolares, inform\u00f3 que la Universidad recibi\u00f3 la informaci\u00f3n antes de lo [&hellip;]<\/p>\n","protected":false},"author":1,"featured_media":4707,"comment_status":"open","ping_status":"open","sticky":false,"template":"","format":"standard","meta":{"footnotes":""},"categories":[36,26],"tags":[],"class_list":["post-4706","post","type-post","status-publish","format-standard","has-post-thumbnail","hentry","category-educacion","category-principal"],"_links":{"self":[{"href":"https:\/\/elreporterodelacomunidad.com\/index.php\/wp-json\/wp\/v2\/posts\/4706","targetHints":{"allow":["GET"]}}],"collection":[{"href":"https:\/\/elreporterodelacomunidad.com\/index.php\/wp-json\/wp\/v2\/posts"}],"about":[{"href":"https:\/\/elreporterodelacomunidad.com\/index.php\/wp-json\/wp\/v2\/types\/post"}],"author":[{"embeddable":true,"href":"https:\/\/elreporterodelacomunidad.com\/index.php\/wp-json\/wp\/v2\/users\/1"}],"replies":[{"embeddable":true,"href":"https:\/\/elreporterodelacomunidad.com\/index.php\/wp-json\/wp\/v2\/comments?post=4706"}],"version-history":[{"count":1,"href":"https:\/\/elreporterodelacomunidad.com\/index.php\/wp-json\/wp\/v2\/posts\/4706\/revisions"}],"predecessor-version":[{"id":4708,"href":"https:\/\/elreporterodelacomunidad.com\/index.php\/wp-json\/wp\/v2\/posts\/4706\/revisions\/4708"}],"wp:featuredmedia":[{"embeddable":true,"href":"https:\/\/elreporterodelacomunidad.com\/index.php\/wp-json\/wp\/v2\/media\/4707"}],"wp:attachment":[{"href":"https:\/\/elreporterodelacomunidad.com\/index.php\/wp-json\/wp\/v2\/media?parent=4706"}],"wp:term":[{"taxonomy":"category","embeddable":true,"href":"https:\/\/elreporterodelacomunidad.com\/index.php\/wp-json\/wp\/v2\/categories?post=4706"},{"taxonomy":"post_tag","embeddable":true,"href":"https:\/\/elreporterodelacomunidad.com\/index.php\/wp-json\/wp\/v2\/tags?post=4706"}],"curies":[{"name":"wp","href":"https:\/\/api.w.org\/{rel}","templated":true}]}}