{"id":467,"date":"2024-04-18T00:00:00","date_gmt":"2024-04-18T07:00:00","guid":{"rendered":"https:\/\/elreporterodelacomunidad.com\/index.php\/2024\/04\/18\/patrulla-de-guardia-nacional-y-sedan-chocan-en-bulevar-camino-del-seri\/"},"modified":"2024-05-18T22:06:10","modified_gmt":"2024-05-19T05:06:10","slug":"patrulla-de-guardia-nacional-y-sedan-chocan-en-bulevar-camino-del-seri","status":"publish","type":"post","link":"https:\/\/elreporterodelacomunidad.com\/index.php\/2024\/04\/18\/patrulla-de-guardia-nacional-y-sedan-chocan-en-bulevar-camino-del-seri\/","title":{"rendered":"Patrulla de Guardia Nacional y sed\u00e1n chocan en bulevar Camino del Seri&nbsp;"},"content":{"rendered":"<p class=\"MsoNormal\">Un choque entre un veh\u00edculo sedan y una patrulla de la Guardia Nacional divisi\u00f3n de Caminos fue reportado durante la ma\u00f1ana de este jueves, al surponiente de la capital sonorense.<\/p>\n<p class=\"MsoNormal\">\n<p class=\"MsoNormal\">El siniestro automovil\u00edstico se registr\u00f3 por la intersecci\u00f3n de los bulevares Camino del Seri y Solidaridad, alrededor de las 5:30 horas de la ma\u00f1ana de este 18 de abril.<\/p>\n<p class=\"MsoNormal\">La informaci\u00f3n preliminar indica que la unidad 24259 de la Guardia Nacional se dirig\u00eda de oriente a poniente sobre el bulevar Camino del Seri, mientras que el veh\u00edculo marca Nissan, l\u00ednea Sentra, color gris, iba de sur a norte por el bulevar Solidaridad.<\/p>\n<p class=\"MsoNormal\">Sin embargo, cuando el Sentra, modelo atrasado, lleg\u00f3 al cruce de ambos bulevares, no pudo evitar impactar contra el costado de la patrulla de la Guardia Nacional.<\/p>\n<p class=\"MsoNormal\">Seg\u00fan informaci\u00f3n de la Polic\u00eda Municipal, alrededor de las 6:00 horas se atendi\u00f3 el siniestro luego del reporte del incidente, por lo que elementos de Tr\u00e1nsito se dirigieron al lugar para realizar las diligencias correspondientes.<\/p>\n<p class=\"MsoNormal\">En ese sentido, se determin\u00f3 que el incidente ocurri\u00f3 por no respetar la se\u00f1al de sem\u00e1foro en rojo, aunque no se especific\u00f3 cu\u00e1l de las unidades hizo caso omiso de dicha se\u00f1alizaci\u00f3n. Adem\u00e1s, el reporte policial indic\u00f3 que no se presentaron personas lesionadas a consecuencia del accidente.<\/p>\n<p class=\"MsoNormal\">Sin embargo, informaci\u00f3n extraoficial establece que al lugar de los hechos llegaron param\u00e9dicos de Cruz Roja para trasladar a recibir atenci\u00f3n m\u00e9dica a por lo menos dos personas.<\/p>\n<p class=\"MsoNormal\">Mientras tanto, el caso pasar\u00e1 a manos del Ministerio P\u00fablico de la Fiscal\u00eda de Sonora para deslindar responsabilidades y determinar cu\u00e1l de las dos unidades se pas\u00f3 la se\u00f1al en rojo, ya que en la intersecci\u00f3n funcionan los sem\u00e1foros funcionan en todos los sentidos de circulaci\u00f3n.<\/p>\n","protected":false},"excerpt":{"rendered":"<p>El siniestro automovil\u00edstico se registr\u00f3 por la intersecci\u00f3n de los bulevares Camino del Seri y Solidaridad, alrededor de las 5:30 horas de esta ma\u00f1ana.<\/p>\n","protected":false},"author":1,"featured_media":1063,"comment_status":"open","ping_status":"open","sticky":false,"template":"","format":"standard","meta":{"footnotes":""},"categories":[29],"tags":[],"class_list":["post-467","post","type-post","status-publish","format-standard","has-post-thumbnail","hentry","category-principalsecundaria"],"_links":{"self":[{"href":"https:\/\/elreporterodelacomunidad.com\/index.php\/wp-json\/wp\/v2\/posts\/467","targetHints":{"allow":["GET"]}}],"collection":[{"href":"https:\/\/elreporterodelacomunidad.com\/index.php\/wp-json\/wp\/v2\/posts"}],"about":[{"href":"https:\/\/elreporterodelacomunidad.com\/index.php\/wp-json\/wp\/v2\/types\/post"}],"author":[{"embeddable":true,"href":"https:\/\/elreporterodelacomunidad.com\/index.php\/wp-json\/wp\/v2\/users\/1"}],"replies":[{"embeddable":true,"href":"https:\/\/elreporterodelacomunidad.com\/index.php\/wp-json\/wp\/v2\/comments?post=467"}],"version-history":[{"count":1,"href":"https:\/\/elreporterodelacomunidad.com\/index.php\/wp-json\/wp\/v2\/posts\/467\/revisions"}],"predecessor-version":[{"id":1062,"href":"https:\/\/elreporterodelacomunidad.com\/index.php\/wp-json\/wp\/v2\/posts\/467\/revisions\/1062"}],"wp:featuredmedia":[{"embeddable":true,"href":"https:\/\/elreporterodelacomunidad.com\/index.php\/wp-json\/wp\/v2\/media\/1063"}],"wp:attachment":[{"href":"https:\/\/elreporterodelacomunidad.com\/index.php\/wp-json\/wp\/v2\/media?parent=467"}],"wp:term":[{"taxonomy":"category","embeddable":true,"href":"https:\/\/elreporterodelacomunidad.com\/index.php\/wp-json\/wp\/v2\/categories?post=467"},{"taxonomy":"post_tag","embeddable":true,"href":"https:\/\/elreporterodelacomunidad.com\/index.php\/wp-json\/wp\/v2\/tags?post=467"}],"curies":[{"name":"wp","href":"https:\/\/api.w.org\/{rel}","templated":true}]}}