{"id":4661,"date":"2024-05-29T19:09:33","date_gmt":"2024-05-30T02:09:33","guid":{"rendered":"https:\/\/elreporterodelacomunidad.com\/?p=4661"},"modified":"2024-05-29T19:09:35","modified_gmt":"2024-05-30T02:09:35","slug":"aeromexico-y-telmex-libran-huelgas-someteran-a-votacion-ajustes-a-contratos-colectivos","status":"publish","type":"post","link":"https:\/\/elreporterodelacomunidad.com\/index.php\/2024\/05\/29\/aeromexico-y-telmex-libran-huelgas-someteran-a-votacion-ajustes-a-contratos-colectivos\/","title":{"rendered":"Aerom\u00e9xico y Telmex libran huelgas; someter\u00e1n a votaci\u00f3n ajustes a contratos colectivos."},"content":{"rendered":"\n<p><\/p>\n\n\n\n<p>Se presentaron nuevos ofrecimientos que permitir\u00e1 a los l\u00edderes sindicales de ambas compa\u00f1\u00edas llevar las propuestas a votaci\u00f3n de la base de trabajadores tal y como lo exige la Ley Federal del Trabajo.<\/p>\n\n\n\n<p>Ciudad de M\u00e9xico a 29 de Mayo del 2024.- Las empresas Tel\u00e9fonos de M\u00e9xico (Telmex) y Aerov\u00edas de M\u00e9xico (Aerom\u00e9xico) estuvieron muy cerca de que las organizaciones sindicales con quienes sustentan en el contrato colectivo de trabajo, por un lado el Sindicato de Telefonistas de la Rep\u00fablica Mexicana (STRM) y por otro las Asociaci\u00f3n Sindical de Sobrecargos de Aviaci\u00f3n (ASSA) estallaran las huelgas por falta de acuerdos.<\/p>\n\n\n\n<p>Sin embargo, se presentaron nuevos ofrecimientos que permitir\u00e1 a los l\u00edderes sindicales llevar las propuestas a votaci\u00f3n de la base de trabajadores tal y como lo exige la Ley Federal del Trabajo.<\/p>\n\n\n\n<p>Para el caso del Sindicato de Telefonistas de la Rep\u00fablica Mexicana, la propuesta fue del 5.1% directo al salario y de 1% en prestaciones, junto con demandas prioritarias tales como, un paquete de vacantes, la renovaci\u00f3n del parque vehicular y un bono para los trabajadores sindicalizados jubilados. As\u00ed como, compromisos en productividad, capacitaci\u00f3n y materia de trabajo, entre otros.<\/p>\n\n\n\n<p>En este caso el proceso de votaci\u00f3n ser\u00e1 el jueves 13 y el viernes 14 de junio de 2024 a nivel nacional.<\/p>\n\n\n\n<p>Respecto a la Asociaci\u00f3n Sindical de Sobrecargos de Aviaci\u00f3n, que encabeza Ada Salazar, la propuesta para esta negociaci\u00f3n fue de 5% de incremento; pero lo m\u00e1s importante es dar por concluido el llamado acuerdo Covid que se firm\u00f3, como apoyo a la empresa en 2020 y que impact\u00f3 en los ingresos de los trabajadores.<\/p>\n\n\n\n<p>Tambi\u00e9n se menciona que Aerom\u00e9xico acept\u00f3 no disminuir el tiempo de los recesos en vuelos a Europa y Asia. En este caso, los sobrecargos se encuentran ya en Asamblea para avalar la propuesta, pues el emplazamiento vence el pr\u00f3ximo 30 de mayo.<\/p>\n","protected":false},"excerpt":{"rendered":"<p>Se presentaron nuevos ofrecimientos que permitir\u00e1 a los l\u00edderes sindicales de ambas compa\u00f1\u00edas llevar las propuestas a votaci\u00f3n de la base de trabajadores tal y como lo exige la Ley Federal del Trabajo. Ciudad de M\u00e9xico a 29 de Mayo del 2024.- Las empresas Tel\u00e9fonos de M\u00e9xico (Telmex) y Aerov\u00edas de M\u00e9xico (Aerom\u00e9xico) estuvieron muy [&hellip;]<\/p>\n","protected":false},"author":1,"featured_media":4662,"comment_status":"open","ping_status":"open","sticky":false,"template":"","format":"standard","meta":{"footnotes":""},"categories":[35,26],"tags":[],"class_list":["post-4661","post","type-post","status-publish","format-standard","has-post-thumbnail","hentry","category-finanzas","category-principal"],"_links":{"self":[{"href":"https:\/\/elreporterodelacomunidad.com\/index.php\/wp-json\/wp\/v2\/posts\/4661","targetHints":{"allow":["GET"]}}],"collection":[{"href":"https:\/\/elreporterodelacomunidad.com\/index.php\/wp-json\/wp\/v2\/posts"}],"about":[{"href":"https:\/\/elreporterodelacomunidad.com\/index.php\/wp-json\/wp\/v2\/types\/post"}],"author":[{"embeddable":true,"href":"https:\/\/elreporterodelacomunidad.com\/index.php\/wp-json\/wp\/v2\/users\/1"}],"replies":[{"embeddable":true,"href":"https:\/\/elreporterodelacomunidad.com\/index.php\/wp-json\/wp\/v2\/comments?post=4661"}],"version-history":[{"count":1,"href":"https:\/\/elreporterodelacomunidad.com\/index.php\/wp-json\/wp\/v2\/posts\/4661\/revisions"}],"predecessor-version":[{"id":4663,"href":"https:\/\/elreporterodelacomunidad.com\/index.php\/wp-json\/wp\/v2\/posts\/4661\/revisions\/4663"}],"wp:featuredmedia":[{"embeddable":true,"href":"https:\/\/elreporterodelacomunidad.com\/index.php\/wp-json\/wp\/v2\/media\/4662"}],"wp:attachment":[{"href":"https:\/\/elreporterodelacomunidad.com\/index.php\/wp-json\/wp\/v2\/media?parent=4661"}],"wp:term":[{"taxonomy":"category","embeddable":true,"href":"https:\/\/elreporterodelacomunidad.com\/index.php\/wp-json\/wp\/v2\/categories?post=4661"},{"taxonomy":"post_tag","embeddable":true,"href":"https:\/\/elreporterodelacomunidad.com\/index.php\/wp-json\/wp\/v2\/tags?post=4661"}],"curies":[{"name":"wp","href":"https:\/\/api.w.org\/{rel}","templated":true}]}}