{"id":4587,"date":"2024-05-27T18:12:28","date_gmt":"2024-05-28T01:12:28","guid":{"rendered":"https:\/\/elreporterodelacomunidad.com\/?p=4587"},"modified":"2024-05-27T18:12:30","modified_gmt":"2024-05-28T01:12:30","slug":"asesinan-en-caborca-a-sujeto-relacionado-con-lider-criminal-el-duranguillo","status":"publish","type":"post","link":"https:\/\/elreporterodelacomunidad.com\/index.php\/2024\/05\/27\/asesinan-en-caborca-a-sujeto-relacionado-con-lider-criminal-el-duranguillo\/","title":{"rendered":"Asesinan en Caborca a sujeto relacionado con l\u00edder criminal &#8216;El Duranguillo&#8217;."},"content":{"rendered":"\n<p><\/p>\n\n\n\n<p>Se trata de un sujeto apodo \u201cEl Cholo Ad\u00e1n\u201d; la Mesa de Seguridad del Estado mencionan que se presume ten\u00eda una relaci\u00f3n sentimental con una madre buscadora.<\/p>\n\n\n\n<p>Caborca, Sonora a 27 de Mayo del 2024.- La Mesa Estatal de Seguridad inici\u00f3 una investigaci\u00f3n por el ataque armado que acab\u00f3 con la vida de una persona del sexo masculino, el cual era considerado un objetivo prioritario en Caborca, Sonora.<\/p>\n\n\n\n<p>A trav\u00e9s de un comunicado, la instancia de Seguridad P\u00fablica inform\u00f3 que ha iniciado un operativo para darle seguimiento a los hechos reportados en la colonia Pueblo Viejo, del citado municipio, donde le dieron muerte a Ad\u00e1n \u201cN\u201d, alias \u201cEl Cholo Ad\u00e1n\u201d.<\/p>\n\n\n\n<p>De acuerdo con las autoridades, el ataque armado se report\u00f3 al filo de las 20:00 horas del pasado domingo, por lo que, al atender unidades de seguridad, en la calle Paseo Bicentenario, se localiz\u00f3 el cuerpo de un hombre de entre 35 y 40 a\u00f1os, al interior de un veh\u00edculo.<\/p>\n\n\n\n<p>El cuerpo del sujeto fue encontrado en el asiento del conductor de la unidad, de la marca Jeep, l\u00ednea Cherokee, misma que presentaba m\u00faltiples impactos de bala, mientras que en el \u00e1rea se localizaron un total de 30 cartuchos percutidos calibre 7.62 x 39.<\/p>\n\n\n\n<p>La investigaci\u00f3n de las autoridades en el sitio logr\u00f3 identificar a la v\u00edctima como Ad\u00e1n \u201cN, quien contaba con \u00f3rdenes de aprehensi\u00f3n vigentes por los delitos relacionados con actividades dentro del crimen organizado.<\/p>\n\n\n\n<p>Se presume ten\u00eda v\u00ednculos con \u201cEl Duranguillo\u201d<\/p>\n\n\n\n<p>La Mesa Estatal de Seguridad agreg\u00f3 que existen sospechas de que el occiso ten\u00eda v\u00ednculos con un conocido l\u00edder criminal en la zona, apodado \u201cEl Duranguillo\u201d, sentenciado a m\u00e1s de 65 a\u00f1os de c\u00e1rcel al ser capturado en julio de 2022, luego de un enfrentamiento armado a las afueras de una tienda de conveniencia en el municipio de Altar, Sonora.<\/p>\n\n\n\n<p>Asimismo, las autoridades informaron que existen sospechas de que \u201cEl Cholo Ad\u00e1n\u201d manten\u00eda una relaci\u00f3n sentimental con una l\u00edder de un colectivo de b\u00fasqueda de desaparecidos.<\/p>\n\n\n\n<p>En ese sentido, asegur\u00f3 que se trabaja de manera interinstitucional para garantizar la pacificaci\u00f3n del \u00e1rea, por lo que aument\u00f3 la presencia de fuerzas de seguridad en el municipio de Caborca, as\u00ed como zonas aleda\u00f1as.<\/p>\n\n\n\n<p>Mientras tanto, contin\u00faa la investigaci\u00f3n para esclarecer los hechos que derivaron en el ataque armado que le quit\u00f3 la vida al presunto objetivo criminal prioritario de las autoridades, a fin de proteger la integridad de la ciudadan\u00eda ante posibles represalias o escaladas de violencia en el \u00e1rea.<\/p>\n","protected":false},"excerpt":{"rendered":"<p>Se trata de un sujeto apodo \u201cEl Cholo Ad\u00e1n\u201d; la Mesa de Seguridad del Estado mencionan que se presume ten\u00eda una relaci\u00f3n sentimental con una madre buscadora. Caborca, Sonora a 27 de Mayo del 2024.- La Mesa Estatal de Seguridad inici\u00f3 una investigaci\u00f3n por el ataque armado que acab\u00f3 con la vida de una persona [&hellip;]<\/p>\n","protected":false},"author":1,"featured_media":4588,"comment_status":"open","ping_status":"open","sticky":false,"template":"","format":"standard","meta":{"footnotes":""},"categories":[32,26],"tags":[],"class_list":["post-4587","post","type-post","status-publish","format-standard","has-post-thumbnail","hentry","category-policiaca","category-principal"],"_links":{"self":[{"href":"https:\/\/elreporterodelacomunidad.com\/index.php\/wp-json\/wp\/v2\/posts\/4587","targetHints":{"allow":["GET"]}}],"collection":[{"href":"https:\/\/elreporterodelacomunidad.com\/index.php\/wp-json\/wp\/v2\/posts"}],"about":[{"href":"https:\/\/elreporterodelacomunidad.com\/index.php\/wp-json\/wp\/v2\/types\/post"}],"author":[{"embeddable":true,"href":"https:\/\/elreporterodelacomunidad.com\/index.php\/wp-json\/wp\/v2\/users\/1"}],"replies":[{"embeddable":true,"href":"https:\/\/elreporterodelacomunidad.com\/index.php\/wp-json\/wp\/v2\/comments?post=4587"}],"version-history":[{"count":1,"href":"https:\/\/elreporterodelacomunidad.com\/index.php\/wp-json\/wp\/v2\/posts\/4587\/revisions"}],"predecessor-version":[{"id":4589,"href":"https:\/\/elreporterodelacomunidad.com\/index.php\/wp-json\/wp\/v2\/posts\/4587\/revisions\/4589"}],"wp:featuredmedia":[{"embeddable":true,"href":"https:\/\/elreporterodelacomunidad.com\/index.php\/wp-json\/wp\/v2\/media\/4588"}],"wp:attachment":[{"href":"https:\/\/elreporterodelacomunidad.com\/index.php\/wp-json\/wp\/v2\/media?parent=4587"}],"wp:term":[{"taxonomy":"category","embeddable":true,"href":"https:\/\/elreporterodelacomunidad.com\/index.php\/wp-json\/wp\/v2\/categories?post=4587"},{"taxonomy":"post_tag","embeddable":true,"href":"https:\/\/elreporterodelacomunidad.com\/index.php\/wp-json\/wp\/v2\/tags?post=4587"}],"curies":[{"name":"wp","href":"https:\/\/api.w.org\/{rel}","templated":true}]}}