{"id":457,"date":"2024-04-18T00:00:00","date_gmt":"2024-04-18T07:00:00","guid":{"rendered":"https:\/\/elreporterodelacomunidad.com\/index.php\/2024\/04\/18\/se-registran-enfrentamientos-y-aseguramientos-en-caborca-y-sonoyta\/"},"modified":"2024-05-18T22:05:46","modified_gmt":"2024-05-19T05:05:46","slug":"se-registran-enfrentamientos-y-aseguramientos-en-caborca-y-sonoyta","status":"publish","type":"post","link":"https:\/\/elreporterodelacomunidad.com\/index.php\/2024\/04\/18\/se-registran-enfrentamientos-y-aseguramientos-en-caborca-y-sonoyta\/","title":{"rendered":"Se registran enfrentamientos y aseguramientos en Caborca y Sonoyta"},"content":{"rendered":"<p class=\"MsoNormal\">Tras un enfrentamiento entre presuntos integrantes del crimen organizado y elementos de la Guardia Nacional, la tarde de este jueves 18 de abril, se logr\u00f3 la detenci\u00f3n de cinco personas, drogas y material b\u00e9lico en los municipios de Caborca y Sonoyta, al norte de Sonora.<\/p>\n<p class=\"MsoNormal\">\n<p class=\"MsoNormal\">A trav\u00e9s de la Mesa Estatal de Seguridad, se inform\u00f3 que, en acciones coordinadas con los tres niveles de gobierno, se llev\u00f3 a cabo la detenci\u00f3n de Arturo \u201cN\u201d, Kevin Alberto \u201cN\u201d, Mart\u00edn \u201cN\u201d y Valent\u00edn \u201cN\u201d, en inmediaciones de un camino de terracer\u00eda del ejido Jos\u00e9 Mar\u00eda Pino Su\u00e1rez que lleva al ejido Josefa Ortiz de Dom\u00ednguez, en el municipio de Caborca.<\/p>\n<p class=\"MsoNormal\">Asimismo, de acuerdo con el reporte oficial, fueron elementos de la Secretar\u00eda de la Defensa Nacional (Sedena) y la Guardia Nacional quienes lograron el aseguramiento de armas, cargadores, cartuchos y narc\u00f3ticos, as\u00ed como de los cinco sujetos mencionados.<\/p>\n<p class=\"MsoNormal\">\u201cEn total fueron asegurados 234 envoltorios conteniendo metanfetamina; 15 armas de fuego tipo fusil de uso exclusivo de las fuerzas armadas; 48 cargadores para arma de fuego tipo fusil; dos mil 84 cartuchos para arma de fuego de uso militar; un veh\u00edculo Chevrolet color negro; cuatro chalecos bal\u00edsticos; y seis chalecos porta cargadores\u201d, public\u00f3 la Mesa Estatal a trav\u00e9s de su cuenta oficial de X.<\/p>\n<p class=\"MsoNormal\">Otros aseguramientos<\/p>\n<p class=\"MsoNormal\">Por otro lado, en el mismo municipio, elementos de la Polic\u00eda Estatal de Seguridad P\u00fablica (PESP), llevaron a cabo la detenci\u00f3n de Jes\u00fas Rodrigo \u201cN\u201d, quien portaba en una bolsa metanfetamina; un arma de fuego tipo pistola, calibre .357 magnum y dos cartuchos calibre .357 mm; material que qued\u00f3 asegurado y fue puesto a disposici\u00f3n de las autoridades correspondientes.<\/p>\n<p class=\"MsoNormal\">De igual forma, en el municipio de Caborca dos personas resultaron lesionadas por esquirlas de ojivas de armas de fuego, esto luego de un ataque directo ocurrido en el campo La Garita.<\/p>\n<p class=\"MsoNormal\">Los sujetos, identificados como H\u00e9ctor Manuel \u201cN\u201d y Francisco Javier \u201cN\u201d, fueron trasladados a recibir atenci\u00f3n m\u00e9dica a un nosocomio cercano.<\/p>\n<p class=\"MsoNormal\">De acuerdo con informaci\u00f3n de las autoridades de seguridad, ambos sujetos cuentan con antecedentes penales, por lo que se llevar\u00e1 a cabo la investigaci\u00f3n correspondiente para dar con los responsables del ataque.<\/p>\n","protected":false},"excerpt":{"rendered":"<p>La tarde de este jueves 18 de abril, se logr\u00f3 la detenci\u00f3n de cinco personas, drogas y material b\u00e9lico en los municipios de Caborca y Sonoyta.&nbsp;<\/p>\n","protected":false},"author":1,"featured_media":1042,"comment_status":"open","ping_status":"open","sticky":false,"template":"","format":"standard","meta":{"footnotes":""},"categories":[32],"tags":[],"class_list":["post-457","post","type-post","status-publish","format-standard","has-post-thumbnail","hentry","category-policiaca"],"_links":{"self":[{"href":"https:\/\/elreporterodelacomunidad.com\/index.php\/wp-json\/wp\/v2\/posts\/457","targetHints":{"allow":["GET"]}}],"collection":[{"href":"https:\/\/elreporterodelacomunidad.com\/index.php\/wp-json\/wp\/v2\/posts"}],"about":[{"href":"https:\/\/elreporterodelacomunidad.com\/index.php\/wp-json\/wp\/v2\/types\/post"}],"author":[{"embeddable":true,"href":"https:\/\/elreporterodelacomunidad.com\/index.php\/wp-json\/wp\/v2\/users\/1"}],"replies":[{"embeddable":true,"href":"https:\/\/elreporterodelacomunidad.com\/index.php\/wp-json\/wp\/v2\/comments?post=457"}],"version-history":[{"count":1,"href":"https:\/\/elreporterodelacomunidad.com\/index.php\/wp-json\/wp\/v2\/posts\/457\/revisions"}],"predecessor-version":[{"id":1041,"href":"https:\/\/elreporterodelacomunidad.com\/index.php\/wp-json\/wp\/v2\/posts\/457\/revisions\/1041"}],"wp:featuredmedia":[{"embeddable":true,"href":"https:\/\/elreporterodelacomunidad.com\/index.php\/wp-json\/wp\/v2\/media\/1042"}],"wp:attachment":[{"href":"https:\/\/elreporterodelacomunidad.com\/index.php\/wp-json\/wp\/v2\/media?parent=457"}],"wp:term":[{"taxonomy":"category","embeddable":true,"href":"https:\/\/elreporterodelacomunidad.com\/index.php\/wp-json\/wp\/v2\/categories?post=457"},{"taxonomy":"post_tag","embeddable":true,"href":"https:\/\/elreporterodelacomunidad.com\/index.php\/wp-json\/wp\/v2\/tags?post=457"}],"curies":[{"name":"wp","href":"https:\/\/api.w.org\/{rel}","templated":true}]}}