{"id":452,"date":"2024-04-19T00:00:00","date_gmt":"2024-04-19T07:00:00","guid":{"rendered":"https:\/\/elreporterodelacomunidad.com\/index.php\/2024\/04\/19\/se-registra-incendio-en-la-planta-ford-esta-madrugada-evacuan-a-2-mil-trabajadores\/"},"modified":"2024-05-18T22:05:36","modified_gmt":"2024-05-19T05:05:36","slug":"se-registra-incendio-en-la-planta-ford-esta-madrugada-evacuan-a-2-mil-trabajadores","status":"publish","type":"post","link":"https:\/\/elreporterodelacomunidad.com\/index.php\/2024\/04\/19\/se-registra-incendio-en-la-planta-ford-esta-madrugada-evacuan-a-2-mil-trabajadores\/","title":{"rendered":"Se registra incendio en la planta Ford esta madrugada; evac\u00faan a 2 mil trabajadores"},"content":{"rendered":"<p class=\"MsoNormal\">Alrededor de 2 mil trabajadores de la Planta Ford de Hermosillo fueron evacuados tras un incendio presentado durante la madrugada de este viernes, en el \u00e1rea de carrocer\u00eda y pintura de la conocida armadora automotriz.<\/p>\n<p class=\"MsoNormal\">\n<p class=\"MsoNormal\">Durante las primeras horas de este viernes, se activ\u00f3 la alarma de incendios en la planta, localizada en el Parque Industrial, al sur de la capital sonorense, pues un incidente con fuego pon\u00eda en riesgo a los trabajadores del \u00e1rea.<\/p>\n<p class=\"MsoNormal\">De acuerdo con Bomberos de Hermosillo, el incendio se report\u00f3 debido a una falla el\u00e9ctrica en el sistema de ventilaci\u00f3n de aire del \u00e1rea de carrocer\u00eda y pintura, por lo que ante el riesgo de propagaci\u00f3n, se decidi\u00f3 evacuar al personal.<\/p>\n<p class=\"MsoNormal\">La emergencia fue atendida por personal de seguridad de la misma empresa, as\u00ed como por el cuerpo de \u201capagafuegos\u201d, quienes atendieron el reporte a la brevedad, logrando controlar el siniestro antes de que incendio se extendiera a otros puntos de la planta.<\/p>\n<p class=\"MsoNormal\">Afortunadamente, ninguno de los trabajadores result\u00f3 lesionado a consecuencia del siniestro, por lo que los dos mil empleados regresaron a su labores una vez que se termin\u00f3 de sofocar el incendio.<\/p>\n<p class=\"MsoNormal\">En el mes de mayo del 2023, la armadora automotriz tambi\u00e9n present\u00f3 un siniestro al interior de sus instalaciones, por lo que al sitio se traslad\u00f3 personal de la Coordinaci\u00f3n Estatal de Protecci\u00f3n Civil, a trav\u00e9s de la Direcci\u00f3n de Atenci\u00f3n a Emergencias y Desastres.<\/p>\n<p class=\"MsoNormal\">En aquella ocasi\u00f3n, el el incendio, reportado el 8 de mayo, alrededor de las 18:00 horas, fue atendido por el mismo personal de la empresa, el cual logr\u00f3 sofocar exitosamente las llamas antes de que se convirtiera en un riesgo para los trabajadores.<\/p>\n<p class=\"MsoNormal\">Asimismo, en el sitio se lograron captar im\u00e1genes del fuego siendo apagado por los mismos empleados, lo cual fue posible tras 18 minutos de trabajo, dejando nada m\u00e1s que da\u00f1os materiales y ning\u00fan trabajador lesionado.<\/p>\n","protected":false},"excerpt":{"rendered":"<p>De acuerdo con Bomberos de Hermosillo, el incendio se report\u00f3 debido a una falla el\u00e9ctrica en el sistema de ventilaci\u00f3n de aire del \u00e1rea de carrocer\u00eda y pintura.&nbsp;<\/p>\n","protected":false},"author":1,"featured_media":1036,"comment_status":"open","ping_status":"open","sticky":false,"template":"","format":"standard","meta":{"footnotes":""},"categories":[29],"tags":[],"class_list":["post-452","post","type-post","status-publish","format-standard","has-post-thumbnail","hentry","category-principalsecundaria"],"_links":{"self":[{"href":"https:\/\/elreporterodelacomunidad.com\/index.php\/wp-json\/wp\/v2\/posts\/452","targetHints":{"allow":["GET"]}}],"collection":[{"href":"https:\/\/elreporterodelacomunidad.com\/index.php\/wp-json\/wp\/v2\/posts"}],"about":[{"href":"https:\/\/elreporterodelacomunidad.com\/index.php\/wp-json\/wp\/v2\/types\/post"}],"author":[{"embeddable":true,"href":"https:\/\/elreporterodelacomunidad.com\/index.php\/wp-json\/wp\/v2\/users\/1"}],"replies":[{"embeddable":true,"href":"https:\/\/elreporterodelacomunidad.com\/index.php\/wp-json\/wp\/v2\/comments?post=452"}],"version-history":[{"count":1,"href":"https:\/\/elreporterodelacomunidad.com\/index.php\/wp-json\/wp\/v2\/posts\/452\/revisions"}],"predecessor-version":[{"id":1035,"href":"https:\/\/elreporterodelacomunidad.com\/index.php\/wp-json\/wp\/v2\/posts\/452\/revisions\/1035"}],"wp:featuredmedia":[{"embeddable":true,"href":"https:\/\/elreporterodelacomunidad.com\/index.php\/wp-json\/wp\/v2\/media\/1036"}],"wp:attachment":[{"href":"https:\/\/elreporterodelacomunidad.com\/index.php\/wp-json\/wp\/v2\/media?parent=452"}],"wp:term":[{"taxonomy":"category","embeddable":true,"href":"https:\/\/elreporterodelacomunidad.com\/index.php\/wp-json\/wp\/v2\/categories?post=452"},{"taxonomy":"post_tag","embeddable":true,"href":"https:\/\/elreporterodelacomunidad.com\/index.php\/wp-json\/wp\/v2\/tags?post=452"}],"curies":[{"name":"wp","href":"https:\/\/api.w.org\/{rel}","templated":true}]}}