{"id":4499,"date":"2024-05-21T20:01:10","date_gmt":"2024-05-22T03:01:10","guid":{"rendered":"https:\/\/elreporterodelacomunidad.com\/?p=4499"},"modified":"2024-05-21T20:01:12","modified_gmt":"2024-05-22T03:01:12","slug":"vinculan-a-proceso-a-policias-relacionados-con-muerte-de-detenido","status":"publish","type":"post","link":"https:\/\/elreporterodelacomunidad.com\/index.php\/2024\/05\/21\/vinculan-a-proceso-a-policias-relacionados-con-muerte-de-detenido\/","title":{"rendered":"Vinculan a proceso a polic\u00edas relacionados con muerte de detenido."},"content":{"rendered":"\n<p><\/p>\n\n\n\n<p>La FGJE inform\u00f3 que, a trav\u00e9s de las pruebas presentadas a un Juez de Control, se decidi\u00f3 vincular a proceso a Gerardo \u201cN\u201d y Diego \u201cN\u201d.<\/p>\n\n\n\n<p>Dos elementos de la Polic\u00eda Municipal de Hermosillo fueron vinculados a proceso por su probable responsabilidad en el delito de homicidio culposo, en contra de Jes\u00fas Manuel \u201cN\u201d, quien fue detenido por los oficiales el pasado 14 de mayo, luego de un reporte de da\u00f1os y amenazas con arma prohibida.<\/p>\n\n\n\n<p>La Fiscal\u00eda General de Justicia del Estado (FGJE) inform\u00f3 que, a trav\u00e9s de las pruebas presentadas a un Juez de Control, se decidi\u00f3 vincular a proceso a Gerardo \u201cN\u201d y Diego \u201cN\u201d, ambos elementos de la corporaci\u00f3n policial de la capital sonorense, por la presunta omisi\u00f3n en los protocolos de atenci\u00f3n m\u00e9dica al detenido.<\/p>\n\n\n\n<p>De acuerdo con el \u00f3rgano procurador de justicia, la falta de cumplimiento en este protocolo de atenci\u00f3n m\u00e9dica tras la captura, deriv\u00f3 en la muerte del sujeto, seg\u00fan los medios de prueba integrados en la carpeta de investigaci\u00f3n.<\/p>\n\n\n\n<p>Los hechos ocurrieron alrededor de las 9:00 horas del pasado 14 de mayo, en la colonia Oasis Solana, donde elementos detuvieron a Jes\u00fas Manuel \u201cN\u201d por delitos de amenazas, da\u00f1os y portaci\u00f3n de arma prohibida, luego de que el due\u00f1o de un veh\u00edculo Chrysler, RAM, modelo 2021, lo reportara por encontrarlo en el carro sin su consentimiento.<\/p>\n\n\n\n<p>El parte de la Polic\u00eda Municipal report\u00f3 que los elementos, al entrevistarse con la v\u00edctima, les coment\u00f3 que en el interior de su veh\u00edculo se encontraba una persona del sexo masculino, quien lo amenaz\u00f3 luego de solicitarle que bajara, adem\u00e1s de comenzar a provocar da\u00f1os al interior del auto con el arma blanca.<\/p>\n\n\n\n<p>Asimismo, la investigaci\u00f3n indica que despu\u00e9s de su arresto, el hoy occiso comenz\u00f3 golpearse contra las paredes del veh\u00edculo donde fue detenido y de la camioneta en la que fue trasladado a las instalaciones de la Agencia Ministerial de Investigaci\u00f3n Criminal (AMIC), para ser puesto a disposici\u00f3n del Ministerio P\u00fablico, sin embargo, falleci\u00f3 poco despu\u00e9s de descender de la patrulla.<\/p>\n\n\n\n<p>Los datos de prueba aportados en la carpeta de investigaci\u00f3n fueron suficientes para que el juez determinara la vinculaci\u00f3n a proceso de ambos elementos municipales, al constatar que hab\u00edan incumplido el Protocolo Nacional de Actuaci\u00f3n para el Primer Respondiente, el cual establece prestar la atenci\u00f3n m\u00e9dica inmediata de cualquier detenido que presente lesiones.<\/p>\n\n\n\n<p>De manera extraoficial, trascendi\u00f3 que al bajar de la patrulla, Jes\u00fas Manuel \u201cN\u201d manifest\u00f3 sentirse mal y cay\u00f3 al suelo, falleciendo antes de que pudiera recibir atenci\u00f3n m\u00e9dica, por lo que los elementos policiales fueron detenidos por su probable responsabilidad; en ese sentido, la Fiscal\u00eda de Sonora asegur\u00f3 que tomar\u00e1 las medidas necesarias para que los responsables se enfrenten a la justicia.<\/p>\n","protected":false},"excerpt":{"rendered":"<p>La FGJE inform\u00f3 que, a trav\u00e9s de las pruebas presentadas a un Juez de Control, se decidi\u00f3 vincular a proceso a Gerardo \u201cN\u201d y Diego \u201cN\u201d. Dos elementos de la Polic\u00eda Municipal de Hermosillo fueron vinculados a proceso por su probable responsabilidad en el delito de homicidio culposo, en contra de Jes\u00fas Manuel \u201cN\u201d, quien [&hellip;]<\/p>\n","protected":false},"author":1,"featured_media":4500,"comment_status":"open","ping_status":"open","sticky":false,"template":"","format":"standard","meta":{"footnotes":""},"categories":[32,26],"tags":[],"class_list":["post-4499","post","type-post","status-publish","format-standard","has-post-thumbnail","hentry","category-policiaca","category-principal"],"_links":{"self":[{"href":"https:\/\/elreporterodelacomunidad.com\/index.php\/wp-json\/wp\/v2\/posts\/4499","targetHints":{"allow":["GET"]}}],"collection":[{"href":"https:\/\/elreporterodelacomunidad.com\/index.php\/wp-json\/wp\/v2\/posts"}],"about":[{"href":"https:\/\/elreporterodelacomunidad.com\/index.php\/wp-json\/wp\/v2\/types\/post"}],"author":[{"embeddable":true,"href":"https:\/\/elreporterodelacomunidad.com\/index.php\/wp-json\/wp\/v2\/users\/1"}],"replies":[{"embeddable":true,"href":"https:\/\/elreporterodelacomunidad.com\/index.php\/wp-json\/wp\/v2\/comments?post=4499"}],"version-history":[{"count":1,"href":"https:\/\/elreporterodelacomunidad.com\/index.php\/wp-json\/wp\/v2\/posts\/4499\/revisions"}],"predecessor-version":[{"id":4501,"href":"https:\/\/elreporterodelacomunidad.com\/index.php\/wp-json\/wp\/v2\/posts\/4499\/revisions\/4501"}],"wp:featuredmedia":[{"embeddable":true,"href":"https:\/\/elreporterodelacomunidad.com\/index.php\/wp-json\/wp\/v2\/media\/4500"}],"wp:attachment":[{"href":"https:\/\/elreporterodelacomunidad.com\/index.php\/wp-json\/wp\/v2\/media?parent=4499"}],"wp:term":[{"taxonomy":"category","embeddable":true,"href":"https:\/\/elreporterodelacomunidad.com\/index.php\/wp-json\/wp\/v2\/categories?post=4499"},{"taxonomy":"post_tag","embeddable":true,"href":"https:\/\/elreporterodelacomunidad.com\/index.php\/wp-json\/wp\/v2\/tags?post=4499"}],"curies":[{"name":"wp","href":"https:\/\/api.w.org\/{rel}","templated":true}]}}