{"id":449,"date":"2024-04-19T00:00:00","date_gmt":"2024-04-19T07:00:00","guid":{"rendered":"https:\/\/elreporterodelacomunidad.com\/index.php\/2024\/04\/19\/fgr-obtiene-sentencia-condenatoria-de-12-de-anos-de-prision-en-contra-de-una-persona\/"},"modified":"2024-05-18T22:04:52","modified_gmt":"2024-05-19T05:04:52","slug":"fgr-obtiene-sentencia-condenatoria-de-12-de-anos-de-prision-en-contra-de-una-persona","status":"publish","type":"post","link":"https:\/\/elreporterodelacomunidad.com\/index.php\/2024\/04\/19\/fgr-obtiene-sentencia-condenatoria-de-12-de-anos-de-prision-en-contra-de-una-persona\/","title":{"rendered":"FGR obtiene sentencia condenatoria de 12 de a\u00f1os de prisi\u00f3n en contra de una persona"},"content":{"rendered":"<p class=\"MsoNormal\">La Fiscal\u00eda General de la Rep\u00fablica (FGR), a trav\u00e9s de su Fiscal\u00eda Federal en el Estado de Sonora, obtuvo de un Juez de Control sentencia condenatoria en contra de una persona, por su responsabilidad en la comisi\u00f3n de los delitos de violaci\u00f3n a la Ley Federal de Armas de Fuego y Explosivos, Tentativa de Homicidio contra Servidores P\u00fablicos y Contra la Salud, con la agravante de pandilla.<\/p>\n<p class=\"MsoNormal\">\n<p class=\"MsoNormal\">De acuerdo con la Carpeta de Investigaci\u00f3n, el 25 de febrero de 2022, elementos de la Secretar\u00eda de la Defensa Nacional (SEDENA), en coordinaci\u00f3n con Polic\u00eda Estatal de Seguridad P\u00fablica (PESP), en inmediaciones del municipio de Caborca, Sonora, detuvieron a Francisco \u201cG\u201d.<\/p>\n<p class=\"MsoNormal\">Al imputado le aseguraron cuatro armas de fuego tipo fusil, 38 cargadores para arma de fuego y mil 235 cartuchos \u00fatiles, todos de diferentes calibres; un paquete que conten\u00eda cinco kilos 247 gramos de marihuana y un veh\u00edculo sin placas de circulaci\u00f3n.<\/p>\n<p class=\"MsoNormal\">Derivado de las pruebas aportadas por el Ministerio P\u00fablico de la Federaci\u00f3n (MPF), el Juez de la causa dict\u00f3 sentencia condenatoria de 12 a\u00f1os de prisi\u00f3n, as\u00ed como una sanci\u00f3n econ\u00f3mica de 250 UMAS, en contra de Francisco \u201cG\u201d.<\/p>\n","protected":false},"excerpt":{"rendered":"<p>La Fiscal\u00eda General de la Rep\u00fablica (FGR), a trav\u00e9s de su Fiscal\u00eda Federal en el Estado de Sonora, obtuvo de un Juez de Control sentencia condenatoria en contra de una persona, por su responsabilidad en la comisi\u00f3n de los delitos de violaci\u00f3n a la Ley Federal de Armas de Fuego y Explosivos, Tentativa de Homicidio [&hellip;]<\/p>\n","protected":false},"author":1,"featured_media":1030,"comment_status":"open","ping_status":"open","sticky":false,"template":"","format":"standard","meta":{"footnotes":""},"categories":[32],"tags":[],"class_list":["post-449","post","type-post","status-publish","format-standard","has-post-thumbnail","hentry","category-policiaca"],"_links":{"self":[{"href":"https:\/\/elreporterodelacomunidad.com\/index.php\/wp-json\/wp\/v2\/posts\/449","targetHints":{"allow":["GET"]}}],"collection":[{"href":"https:\/\/elreporterodelacomunidad.com\/index.php\/wp-json\/wp\/v2\/posts"}],"about":[{"href":"https:\/\/elreporterodelacomunidad.com\/index.php\/wp-json\/wp\/v2\/types\/post"}],"author":[{"embeddable":true,"href":"https:\/\/elreporterodelacomunidad.com\/index.php\/wp-json\/wp\/v2\/users\/1"}],"replies":[{"embeddable":true,"href":"https:\/\/elreporterodelacomunidad.com\/index.php\/wp-json\/wp\/v2\/comments?post=449"}],"version-history":[{"count":1,"href":"https:\/\/elreporterodelacomunidad.com\/index.php\/wp-json\/wp\/v2\/posts\/449\/revisions"}],"predecessor-version":[{"id":1029,"href":"https:\/\/elreporterodelacomunidad.com\/index.php\/wp-json\/wp\/v2\/posts\/449\/revisions\/1029"}],"wp:featuredmedia":[{"embeddable":true,"href":"https:\/\/elreporterodelacomunidad.com\/index.php\/wp-json\/wp\/v2\/media\/1030"}],"wp:attachment":[{"href":"https:\/\/elreporterodelacomunidad.com\/index.php\/wp-json\/wp\/v2\/media?parent=449"}],"wp:term":[{"taxonomy":"category","embeddable":true,"href":"https:\/\/elreporterodelacomunidad.com\/index.php\/wp-json\/wp\/v2\/categories?post=449"},{"taxonomy":"post_tag","embeddable":true,"href":"https:\/\/elreporterodelacomunidad.com\/index.php\/wp-json\/wp\/v2\/tags?post=449"}],"curies":[{"name":"wp","href":"https:\/\/api.w.org\/{rel}","templated":true}]}}