{"id":4480,"date":"2024-05-21T17:15:59","date_gmt":"2024-05-22T00:15:59","guid":{"rendered":"https:\/\/elreporterodelacomunidad.com\/?p=4480"},"modified":"2024-05-21T17:16:02","modified_gmt":"2024-05-22T00:16:02","slug":"exhorta-transito-a-tomar-rutas-alternas-por-cierre-de-calles-durante-fiestas-del-pitic","status":"publish","type":"post","link":"https:\/\/elreporterodelacomunidad.com\/index.php\/2024\/05\/21\/exhorta-transito-a-tomar-rutas-alternas-por-cierre-de-calles-durante-fiestas-del-pitic\/","title":{"rendered":"Exhorta Tr\u00e1nsito a tomar rutas alternas por cierre de calles durante Fiestas del Pitic."},"content":{"rendered":"\n<p><\/p>\n\n\n\n<p>La celebraci\u00f3n por el 324 aniversario de la fundaci\u00f3n de Hermosillo se llevar\u00e1 a cabo en el centro de la ciudad del 23 al 26 de mayo<\/p>\n\n\n\n<p>Hermosillo, Sonora a 21 de mayo, 2024.- \u00a0El Departamento de Tr\u00e1nsito Municipal exhorta a la ciudadan\u00eda a circular con precauci\u00f3n y hacer uso de v\u00edas alternas ante el cierre de vialidades durante el desarrollo de las Fiestas del Pitic 2024, que se llevar\u00e1n a cabo del jueves 23 al domingo 26 de mayo.<\/p>\n\n\n\n<p>Las rutas alternas para transitar de sur a norte de la ciudad por el bulevar Vild\u00f3sola, son Callej\u00f3n Rosales y Avenida de la Cultura; adem\u00e1s el bulevar Solidaridad, Perif\u00e9rico Oriente y Reforma.<\/p>\n\n\n\n<p>Para tomar hacia el oriente o poniente, sobre los bulevares Paseo R\u00edo Sonora y el Serna no se interrumpir\u00e1 la circulaci\u00f3n en ning\u00fan momento.<\/p>\n\n\n\n<p>Se solicita a los conductores seguir recomendaciones como salir con anticipaci\u00f3n hacia su destino, optar por la utilizaci\u00f3n de v\u00edas alternas, obedecer indicaciones de elementos de Tr\u00e1nsito; y a los peatones que crucen las calles por \u00e1reas destinadas para su seguridad, como esquinas y puentes.<\/p>\n","protected":false},"excerpt":{"rendered":"<p>La celebraci\u00f3n por el 324 aniversario de la fundaci\u00f3n de Hermosillo se llevar\u00e1 a cabo en el centro de la ciudad del 23 al 26 de mayo Hermosillo, Sonora a 21 de mayo, 2024.- \u00a0El Departamento de Tr\u00e1nsito Municipal exhorta a la ciudadan\u00eda a circular con precauci\u00f3n y hacer uso de v\u00edas alternas ante el [&hellip;]<\/p>\n","protected":false},"author":1,"featured_media":4481,"comment_status":"open","ping_status":"open","sticky":false,"template":"","format":"standard","meta":{"footnotes":""},"categories":[41,26,29],"tags":[],"class_list":["post-4480","post","type-post","status-publish","format-standard","has-post-thumbnail","hentry","category-cultura","category-principal","category-principalsecundaria"],"_links":{"self":[{"href":"https:\/\/elreporterodelacomunidad.com\/index.php\/wp-json\/wp\/v2\/posts\/4480","targetHints":{"allow":["GET"]}}],"collection":[{"href":"https:\/\/elreporterodelacomunidad.com\/index.php\/wp-json\/wp\/v2\/posts"}],"about":[{"href":"https:\/\/elreporterodelacomunidad.com\/index.php\/wp-json\/wp\/v2\/types\/post"}],"author":[{"embeddable":true,"href":"https:\/\/elreporterodelacomunidad.com\/index.php\/wp-json\/wp\/v2\/users\/1"}],"replies":[{"embeddable":true,"href":"https:\/\/elreporterodelacomunidad.com\/index.php\/wp-json\/wp\/v2\/comments?post=4480"}],"version-history":[{"count":1,"href":"https:\/\/elreporterodelacomunidad.com\/index.php\/wp-json\/wp\/v2\/posts\/4480\/revisions"}],"predecessor-version":[{"id":4482,"href":"https:\/\/elreporterodelacomunidad.com\/index.php\/wp-json\/wp\/v2\/posts\/4480\/revisions\/4482"}],"wp:featuredmedia":[{"embeddable":true,"href":"https:\/\/elreporterodelacomunidad.com\/index.php\/wp-json\/wp\/v2\/media\/4481"}],"wp:attachment":[{"href":"https:\/\/elreporterodelacomunidad.com\/index.php\/wp-json\/wp\/v2\/media?parent=4480"}],"wp:term":[{"taxonomy":"category","embeddable":true,"href":"https:\/\/elreporterodelacomunidad.com\/index.php\/wp-json\/wp\/v2\/categories?post=4480"},{"taxonomy":"post_tag","embeddable":true,"href":"https:\/\/elreporterodelacomunidad.com\/index.php\/wp-json\/wp\/v2\/tags?post=4480"}],"curies":[{"name":"wp","href":"https:\/\/api.w.org\/{rel}","templated":true}]}}