{"id":4471,"date":"2024-05-21T08:22:39","date_gmt":"2024-05-21T15:22:39","guid":{"rendered":"https:\/\/elreporterodelacomunidad.com\/?p=4471"},"modified":"2024-05-21T08:22:44","modified_gmt":"2024-05-21T15:22:44","slug":"profugo-de-sinaloa-es-capturado-en-cajeme","status":"publish","type":"post","link":"https:\/\/elreporterodelacomunidad.com\/index.php\/2024\/05\/21\/profugo-de-sinaloa-es-capturado-en-cajeme\/","title":{"rendered":"Pr\u00f3fugo de Sinaloa es capturado en Cajeme"},"content":{"rendered":"\n<p><\/p>\n\n\n\n<p>El sujeto enfrenta acusaciones por el delito de secuestro<\/p>\n\n\n\n<p id=\"geom_inter_1716304850095_49_5\"><strong>Cajeme, Sonora, 20 de mayo de 2024.-<\/strong>&nbsp;Como parte de los acuerdos de colaboraci\u00f3n entre la Fiscal\u00eda General de Justicia del Estado de Sonora (FGJES) y sus hom\u00f3logas a nivel nacional, elementos de la Agencia Ministerial de Investigaci\u00f3n Criminal (AMIC) ejecutaron una orden de aprehensi\u00f3n en contra de Sa\u00fal \u201cN\u201d, requerido por la justicia de Sinaloa.<\/p>\n\n\n\n<p>De acuerdo con el oficio de colaboraci\u00f3n de la Fiscal\u00eda de Sinaloa, el sujeto era requerido por un Juez de dicho Estado, debido a su probable responsabilidad por el delito de secuestro agravado, y mediante intercambio de inteligencia se determin\u00f3 que se encontraba en Cajeme, Sonora.<\/p>\n\n\n\n<p id=\"geom_inter_1716304862087_92_17\">La captura fue efectuada por elementos de la AMIC en un campo agr\u00edcola de Ciudad Obreg\u00f3n, tras lo cual, Sa\u00fal \u201cN\u201d fue puesto en resguardo a la espera de su traslado al vecino estado de Sinaloa por parte de elementos de la Polic\u00eda de Investigaci\u00f3n de Sinaloa.<\/p>\n\n\n\n<p id=\"geom_inter_1716304862087_57_18\">Con estas acciones la Fiscal\u00eda General de Justicia del Estado de Sonora (FGJES) refuerza sus v\u00ednculos de colaboraci\u00f3n con sus hom\u00f3logas a nivel nacional, dejando en claro que la entidad no es ni ser\u00e1 refugio para criminales.<\/p>\n","protected":false},"excerpt":{"rendered":"<p>El sujeto enfrenta acusaciones por el delito de secuestro Cajeme, Sonora, 20 de mayo de 2024.-&nbsp;Como parte de los acuerdos de colaboraci\u00f3n entre la Fiscal\u00eda General de Justicia del Estado de Sonora (FGJES) y sus hom\u00f3logas a nivel nacional, elementos de la Agencia Ministerial de Investigaci\u00f3n Criminal (AMIC) ejecutaron una orden de aprehensi\u00f3n en contra [&hellip;]<\/p>\n","protected":false},"author":1,"featured_media":4472,"comment_status":"open","ping_status":"open","sticky":false,"template":"","format":"standard","meta":{"footnotes":""},"categories":[32,26],"tags":[],"class_list":["post-4471","post","type-post","status-publish","format-standard","has-post-thumbnail","hentry","category-policiaca","category-principal"],"_links":{"self":[{"href":"https:\/\/elreporterodelacomunidad.com\/index.php\/wp-json\/wp\/v2\/posts\/4471","targetHints":{"allow":["GET"]}}],"collection":[{"href":"https:\/\/elreporterodelacomunidad.com\/index.php\/wp-json\/wp\/v2\/posts"}],"about":[{"href":"https:\/\/elreporterodelacomunidad.com\/index.php\/wp-json\/wp\/v2\/types\/post"}],"author":[{"embeddable":true,"href":"https:\/\/elreporterodelacomunidad.com\/index.php\/wp-json\/wp\/v2\/users\/1"}],"replies":[{"embeddable":true,"href":"https:\/\/elreporterodelacomunidad.com\/index.php\/wp-json\/wp\/v2\/comments?post=4471"}],"version-history":[{"count":1,"href":"https:\/\/elreporterodelacomunidad.com\/index.php\/wp-json\/wp\/v2\/posts\/4471\/revisions"}],"predecessor-version":[{"id":4473,"href":"https:\/\/elreporterodelacomunidad.com\/index.php\/wp-json\/wp\/v2\/posts\/4471\/revisions\/4473"}],"wp:featuredmedia":[{"embeddable":true,"href":"https:\/\/elreporterodelacomunidad.com\/index.php\/wp-json\/wp\/v2\/media\/4472"}],"wp:attachment":[{"href":"https:\/\/elreporterodelacomunidad.com\/index.php\/wp-json\/wp\/v2\/media?parent=4471"}],"wp:term":[{"taxonomy":"category","embeddable":true,"href":"https:\/\/elreporterodelacomunidad.com\/index.php\/wp-json\/wp\/v2\/categories?post=4471"},{"taxonomy":"post_tag","embeddable":true,"href":"https:\/\/elreporterodelacomunidad.com\/index.php\/wp-json\/wp\/v2\/tags?post=4471"}],"curies":[{"name":"wp","href":"https:\/\/api.w.org\/{rel}","templated":true}]}}