{"id":4468,"date":"2024-05-21T08:11:47","date_gmt":"2024-05-21T15:11:47","guid":{"rendered":"https:\/\/elreporterodelacomunidad.com\/?p=4468"},"modified":"2024-05-21T08:11:49","modified_gmt":"2024-05-21T15:11:49","slug":"festividades-de-expo-gan-y-festival-kino-concluyen-con-gran-exito-y-saldo-blanco","status":"publish","type":"post","link":"https:\/\/elreporterodelacomunidad.com\/index.php\/2024\/05\/21\/festividades-de-expo-gan-y-festival-kino-concluyen-con-gran-exito-y-saldo-blanco\/","title":{"rendered":"Festividades de Expo Gan y Festival Kino concluyen con gran \u00e9xito y saldo blanco."},"content":{"rendered":"\n<p><\/p>\n\n\n\n<p>Hermosillo, Sonora; 20 de mayo de 2024.- Con saldo blanco concluyeron los eventos de la ExpoGan 2024 y el Festival Kino, actividades en las que se mantuvo coordinaci\u00f3n entre los tres \u00f3rdenes de gobierno para garantizar la seguridad a los sonorenses, inform\u00f3 el gobernador Alfonso Durazo Monta\u00f1o.<\/p>\n\n\n\n<p>La 39 edici\u00f3n de la ExpoGan 2024, registr\u00f3 un aforo de 463 mil 122 personas a lo largo de casi un mes de distintos conciertos y actividades relacionadas al \u00e1mbito ganadero, adem\u00e1s de una derrama econ\u00f3mica de 500 millones de pesos.<\/p>\n\n\n\n<p>En este evento, del 25 abril al 19 de mayo, se realizaron acciones conjuntas por tierra y aire por parte de la Polic\u00eda Estatal de Seguridad P\u00fablica (PESP), Secretar\u00eda de la Defensa Nacional (Sedena), Guardia Nacional, Protecci\u00f3n Civil, Polic\u00eda Municipal e instituciones de emergencia para prevenir delitos de manera permanente, tanto al interior y exterior del establecimiento.<\/p>\n\n\n\n<p>En la 27 edici\u00f3n del Festival Cultural Kino, celebrada del 13 al 19 de mayo en Magdalena, junto a las respectivas subsedes, se cont\u00f3 con una afluencia de m\u00e1s de 76 mil personas y arroj\u00f3 una derrama econ\u00f3mica superior a los 50 millones de pesos, permitiendo as\u00ed la difusi\u00f3n del patrimonio cultural, hist\u00f3rico y art\u00edstico de la regi\u00f3n.<\/p>\n\n\n\n<p>Con este tipo de eventos se brinda a la ciudadan\u00eda, distintas oportunidades de esparcimiento al tener acceso a una variada cartelera de eventos art\u00edsticos y culturales, adem\u00e1s de diversas opciones de gastronom\u00eda.<\/p>\n","protected":false},"excerpt":{"rendered":"<p>Hermosillo, Sonora; 20 de mayo de 2024.- Con saldo blanco concluyeron los eventos de la ExpoGan 2024 y el Festival Kino, actividades en las que se mantuvo coordinaci\u00f3n entre los tres \u00f3rdenes de gobierno para garantizar la seguridad a los sonorenses, inform\u00f3 el gobernador Alfonso Durazo Monta\u00f1o. La 39 edici\u00f3n de la ExpoGan 2024, registr\u00f3 [&hellip;]<\/p>\n","protected":false},"author":1,"featured_media":4469,"comment_status":"open","ping_status":"open","sticky":false,"template":"","format":"standard","meta":{"footnotes":""},"categories":[32,26],"tags":[],"class_list":["post-4468","post","type-post","status-publish","format-standard","has-post-thumbnail","hentry","category-policiaca","category-principal"],"_links":{"self":[{"href":"https:\/\/elreporterodelacomunidad.com\/index.php\/wp-json\/wp\/v2\/posts\/4468","targetHints":{"allow":["GET"]}}],"collection":[{"href":"https:\/\/elreporterodelacomunidad.com\/index.php\/wp-json\/wp\/v2\/posts"}],"about":[{"href":"https:\/\/elreporterodelacomunidad.com\/index.php\/wp-json\/wp\/v2\/types\/post"}],"author":[{"embeddable":true,"href":"https:\/\/elreporterodelacomunidad.com\/index.php\/wp-json\/wp\/v2\/users\/1"}],"replies":[{"embeddable":true,"href":"https:\/\/elreporterodelacomunidad.com\/index.php\/wp-json\/wp\/v2\/comments?post=4468"}],"version-history":[{"count":1,"href":"https:\/\/elreporterodelacomunidad.com\/index.php\/wp-json\/wp\/v2\/posts\/4468\/revisions"}],"predecessor-version":[{"id":4470,"href":"https:\/\/elreporterodelacomunidad.com\/index.php\/wp-json\/wp\/v2\/posts\/4468\/revisions\/4470"}],"wp:featuredmedia":[{"embeddable":true,"href":"https:\/\/elreporterodelacomunidad.com\/index.php\/wp-json\/wp\/v2\/media\/4469"}],"wp:attachment":[{"href":"https:\/\/elreporterodelacomunidad.com\/index.php\/wp-json\/wp\/v2\/media?parent=4468"}],"wp:term":[{"taxonomy":"category","embeddable":true,"href":"https:\/\/elreporterodelacomunidad.com\/index.php\/wp-json\/wp\/v2\/categories?post=4468"},{"taxonomy":"post_tag","embeddable":true,"href":"https:\/\/elreporterodelacomunidad.com\/index.php\/wp-json\/wp\/v2\/tags?post=4468"}],"curies":[{"name":"wp","href":"https:\/\/api.w.org\/{rel}","templated":true}]}}