{"id":4459,"date":"2024-05-20T22:57:03","date_gmt":"2024-05-21T05:57:03","guid":{"rendered":"https:\/\/elreporterodelacomunidad.com\/?p=4459"},"modified":"2024-05-20T22:57:05","modified_gmt":"2024-05-21T05:57:05","slug":"muere-una-persona-tras-choque-en-puente-luis-encinas-y-solidaridad","status":"publish","type":"post","link":"https:\/\/elreporterodelacomunidad.com\/index.php\/2024\/05\/20\/muere-una-persona-tras-choque-en-puente-luis-encinas-y-solidaridad\/","title":{"rendered":"Muere una persona tras choque en puente Luis Encinas y Solidaridad"},"content":{"rendered":"\n<p>De acuerdo con informaci\u00f3n de la Polic\u00eda Municipal, el fatal accidente vehicular se report\u00f3 al filo de las 2:50 horas de este 20 de mayo<\/p>\n\n\n\n<p><\/p>\n\n\n\n<p>Una persona perdi\u00f3 la vida tras un accidente automovil\u00edstico suscitado durante la madrugada de este lunes, en la intersecci\u00f3n entre los bulevares Luis Encinas y Solidaridad, al poniente de Hermosillo.<\/p>\n\n\n\n<p>De acuerdo con informaci\u00f3n de la Polic\u00eda Municipal, el fatal accidente vehicular se report\u00f3 al filo de las 2:50 horas de este 20 de mayo, donde una persona del sexo masculino falleci\u00f3 tras impactarse con un objeto fijo.<\/p>\n\n\n\n<p>Hasta el momento se desconoce la identidad del hoy occiso, sin embargo, el sujeto conduc\u00eda un veh\u00edculo de la marca Chevrolet, l\u00ednea Malibu, de color dorado, el cual iba de poniente a oriente sobre el puente.<\/p>\n\n\n\n<p>El siniestro fue atendido por unidades de seguridad p\u00fablica y emergencias, determinando que el conductor de la unidad perdi\u00f3 la vida tras el fuerte encontronazo, ocurrido presuntamente, tras exceder el l\u00edmite de velocidad permitido.<\/p>\n\n\n\n<p>Fiscal\u00eda investiga fatal accidente<\/p>\n\n\n\n<p>La Fiscal\u00eda General de Justicia del Estado (FGJE) investiga el accidente vehicular que acab\u00f3 con la vida de una persona durante la madrugada de este lunes sobre el distribuidor vial entre los bulevares Luis Encinas y Solidaridad, al poniente de Hermosillo.<\/p>\n\n\n\n<p>Ovier Quintero P\u00e9rez, vocero del Departamento de Tr\u00e1nsito Municipal, indic\u00f3 que la autoridad investigadora se encuentra trabajando en el caso de la muerte de una persona tras el choque contra un muro de contenci\u00f3n en lo alto del puente, registrado alrededor de las 3:00 horas de este 20 de mayo.<\/p>\n\n\n\n<p>&#8220;Es un caso que ya se encuentra ante la Fiscal\u00eda, ya est\u00e1 a disposici\u00f3n del Ministerio P\u00fablico, recuerden que no podemos manejar mucha informaci\u00f3n para no entorpecer la investigaci\u00f3n, sabemos que hay una persona a disposici\u00f3n de la Fiscal\u00eda, es un choque contra objeto fijo\u201d, coment\u00f3.<\/p>\n\n\n\n<p>Otro muerto este lunes<\/p>\n\n\n\n<p>En hechos separados, una persona fue hallada muerta en el interior de un terreno bald\u00edo, localizado en calles de la colonia Los Naranjos, al oriente de Hermosillo, durante la tarde de este lunes, por lo que autoridades acudieron al \u00e1rea para realizar las respectivas diligencias.<\/p>\n\n\n\n<p>El hallazgo fue registrado al filo de las 13:30 horas, en un predio abandonado el cual es utilizado para tirar basura, por lo que acudieron autoridades de la Polic\u00eda Municipal y de la Agencia Ministerial de Investigaci\u00f3n Criminal (AMIC) para realizar las respectivas diligencias.<\/p>\n\n\n\n<p>Tras determinar que la persona ya no contaba con signos vitales, se dio aviso a las autoridades correspondientes, llegando al \u00e1rea Personal de Servicios Periciales, as\u00ed como del Servicio M\u00e9dico Forense (Semefo), para el procesamiento de la escena y el levantamiento del cuerpo, respecivamente.<\/p>\n\n\n\n<p>Debido a que la persona, del sexo masculino no mostraba signos de violencia, no se descarta la posibilidad de una posible sobredosis como causa de la muerte, aunque otros reportes atribu\u00edan el deceso a un golpe de calor.<\/p>\n\n\n\n<p>Sin embargo, ser\u00e1 la Fiscal\u00eda General de Justicia del Estado (FGJE) la que se encargue de establecer las causas de la muerte de acuerdo con el an\u00e1lisis de la necropsia de ley, realizada por personal especializado.Mientras tanto, en calles de la colonia Nuevo Hermosillo, al sur de la capital sonorense, tambi\u00e9n se registr\u00f3 otro aparatoso accidente vial, en el que participaron dos veh\u00edculos, de los cuales uno qued\u00f3 con las llantas al aire tras un choque por alcance.<\/p>\n\n\n\n<p>Elementos del Departamento de Tr\u00e1nsito Municipal atendieron el siniestro alrededor de las 6:00 horas de este lunes, acudiendo a la intersecci\u00f3n del bulevar Capomo y Cimarr\u00f3n, donde se report\u00f3 un siniestro vial de consideraci\u00f3n.<\/p>\n\n\n\n<p>Al llegar, elementos observaron que un veh\u00edculo de la marca Nissan, l\u00ednea Versa, de color blanco, se encontraba volcado y con las llantas en el cielo, mientras que el veh\u00edculo Dodge, l\u00ednea Stratus, color rojo, presentaba un choque en la parte trasera de la unidad.<\/p>\n\n\n\n<p>Ninguna persona result\u00f3 lesionada, por lo que no se requiri\u00f3 de traslado en ambulancia, mientras que las unidades fueron retiradas tras las respectivas diligencias para retomar la circulaci\u00f3n en el bulevar Capomo, en el tramo de norte a sur.<\/p>\n","protected":false},"excerpt":{"rendered":"<p>De acuerdo con informaci\u00f3n de la Polic\u00eda Municipal, el fatal accidente vehicular se report\u00f3 al filo de las 2:50 horas de este 20 de mayo Una persona perdi\u00f3 la vida tras un accidente automovil\u00edstico suscitado durante la madrugada de este lunes, en la intersecci\u00f3n entre los bulevares Luis Encinas y Solidaridad, al poniente de Hermosillo. [&hellip;]<\/p>\n","protected":false},"author":1,"featured_media":4460,"comment_status":"open","ping_status":"open","sticky":false,"template":"","format":"standard","meta":{"footnotes":""},"categories":[32,29,27],"tags":[],"class_list":["post-4459","post","type-post","status-publish","format-standard","has-post-thumbnail","hentry","category-policiaca","category-principalsecundaria","category-ultimahora"],"_links":{"self":[{"href":"https:\/\/elreporterodelacomunidad.com\/index.php\/wp-json\/wp\/v2\/posts\/4459","targetHints":{"allow":["GET"]}}],"collection":[{"href":"https:\/\/elreporterodelacomunidad.com\/index.php\/wp-json\/wp\/v2\/posts"}],"about":[{"href":"https:\/\/elreporterodelacomunidad.com\/index.php\/wp-json\/wp\/v2\/types\/post"}],"author":[{"embeddable":true,"href":"https:\/\/elreporterodelacomunidad.com\/index.php\/wp-json\/wp\/v2\/users\/1"}],"replies":[{"embeddable":true,"href":"https:\/\/elreporterodelacomunidad.com\/index.php\/wp-json\/wp\/v2\/comments?post=4459"}],"version-history":[{"count":1,"href":"https:\/\/elreporterodelacomunidad.com\/index.php\/wp-json\/wp\/v2\/posts\/4459\/revisions"}],"predecessor-version":[{"id":4461,"href":"https:\/\/elreporterodelacomunidad.com\/index.php\/wp-json\/wp\/v2\/posts\/4459\/revisions\/4461"}],"wp:featuredmedia":[{"embeddable":true,"href":"https:\/\/elreporterodelacomunidad.com\/index.php\/wp-json\/wp\/v2\/media\/4460"}],"wp:attachment":[{"href":"https:\/\/elreporterodelacomunidad.com\/index.php\/wp-json\/wp\/v2\/media?parent=4459"}],"wp:term":[{"taxonomy":"category","embeddable":true,"href":"https:\/\/elreporterodelacomunidad.com\/index.php\/wp-json\/wp\/v2\/categories?post=4459"},{"taxonomy":"post_tag","embeddable":true,"href":"https:\/\/elreporterodelacomunidad.com\/index.php\/wp-json\/wp\/v2\/tags?post=4459"}],"curies":[{"name":"wp","href":"https:\/\/api.w.org\/{rel}","templated":true}]}}