{"id":443,"date":"2024-04-19T00:00:00","date_gmt":"2024-04-19T07:00:00","guid":{"rendered":"https:\/\/elreporterodelacomunidad.com\/index.php\/2024\/04\/19\/atienden-incendio-en-office-depot-de-luis-encinas-y-reforma\/"},"modified":"2024-05-18T22:04:37","modified_gmt":"2024-05-19T05:04:37","slug":"atienden-incendio-en-office-depot-de-luis-encinas-y-reforma","status":"publish","type":"post","link":"https:\/\/elreporterodelacomunidad.com\/index.php\/2024\/04\/19\/atienden-incendio-en-office-depot-de-luis-encinas-y-reforma\/","title":{"rendered":"Atienden incendio en Office Depot de Luis Encinas y Reforma"},"content":{"rendered":"<p class=\"MsoNormal\">Un problema el\u00e9ctrico en el \u00e1rea de almac\u00e9n provoc\u00f3 un conato de incendio de Office Depot, sucursal Luis Encinas, de donde fueron evacuadas catorce personas por el humo que se gener\u00f3, pero no hubo lesionados, inform\u00f3 el director de Bomberos de Hermosillo.<\/p>\n<p class=\"MsoNormal\">\n<p class=\"MsoNormal\">Juan Francisco Matty Ortega destac\u00f3 que alrededor de las 05:53 horas, el Departamento de Bomberos recibi\u00f3 un reporte de incendio en el comercio dedicado a la venta de art\u00edculos de oficina ubicado en Luis Encinas y Reforma, de la colonia Centro.<\/p>\n<p class=\"MsoNormal\">Detall\u00f3 que al llegar al lugar encontraron el problema en la bodega del establecimiento, por lo que procedieron a ingresar al inmueble y controlar la situaci\u00f3n.<\/p>\n<p class=\"MsoNormal\">\u201cSe dio un conato de incendio en lo que es el \u00e1rea de almac\u00e9n donde hay un peque\u00f1o cub\u00edculo, en el que hay equipo de oficina; revisamos ah\u00ed y parece que se dio un problema el\u00e9ctrico, ya que est\u00e1 carbonizado cerca de un contacto (el\u00e9ctrico), debajo de un escritorio.\u201d<\/p>\n<p class=\"MsoNormal\">\u201cEsa \u00e1rea est\u00e1 pegada a la pared y es la que result\u00f3 m\u00e1s afectada\u201d, agreg\u00f3, \u201cy al sobrecalentarse, quem\u00f3 unos papeles y algunos dispositivos que ten\u00edan pl\u00e1stico, pero aun no podemos identificar porque quedaron carbonizados\u201d.<\/p>\n<p class=\"MsoNormal\">El material inflamable gener\u00f3 cierta cantidad de humo que se introdujo al piso de venta y \u00e9ste tuvo que ser evacuado, ya que se encontraban diez empleados, dos clientes y dos vigilantes, asever\u00f3.<\/p>\n<p class=\"MsoNormal\">Aunque el incidente se trat\u00f3 de un conato, Matty Ortega aclar\u00f3 que se solicit\u00f3 el apoyo de m\u00e1s equipo de ventilaci\u00f3n.<\/p>\n<p class=\"MsoNormal\">El reporte al 911 provoc\u00f3 gran movilizaci\u00f3n de las distintas corporaciones de rescate, quienes acudieron de inmediato al comercio afectado, entre los cuales se encontraron la Polic\u00eda Municipal, Polic\u00eda Estatal y las Coordinaciones de Protecci\u00f3n Civil Municipal y Estatal.<\/p>\n<p class=\"MsoNormal\">EN CORTO<\/p>\n<p class=\"MsoNormal\">Para atender este llamado los bomberos llevaron una m\u00e1quina extintora y una cisterna, participaron:<\/p>\n<p class=\"MsoNormal\">14 elementos operativos<\/p>\n<p class=\"MsoNormal\">Un comandante<\/p>\n","protected":false},"excerpt":{"rendered":"<p>El establecimiento, situado en Luis Encinas y Reforma, fue evacuado como medida de precauci\u00f3n antes de la llegada de los bomberos.<\/p>\n","protected":false},"author":1,"featured_media":1018,"comment_status":"open","ping_status":"open","sticky":false,"template":"","format":"standard","meta":{"footnotes":""},"categories":[36],"tags":[],"class_list":["post-443","post","type-post","status-publish","format-standard","has-post-thumbnail","hentry","category-educacion"],"_links":{"self":[{"href":"https:\/\/elreporterodelacomunidad.com\/index.php\/wp-json\/wp\/v2\/posts\/443","targetHints":{"allow":["GET"]}}],"collection":[{"href":"https:\/\/elreporterodelacomunidad.com\/index.php\/wp-json\/wp\/v2\/posts"}],"about":[{"href":"https:\/\/elreporterodelacomunidad.com\/index.php\/wp-json\/wp\/v2\/types\/post"}],"author":[{"embeddable":true,"href":"https:\/\/elreporterodelacomunidad.com\/index.php\/wp-json\/wp\/v2\/users\/1"}],"replies":[{"embeddable":true,"href":"https:\/\/elreporterodelacomunidad.com\/index.php\/wp-json\/wp\/v2\/comments?post=443"}],"version-history":[{"count":1,"href":"https:\/\/elreporterodelacomunidad.com\/index.php\/wp-json\/wp\/v2\/posts\/443\/revisions"}],"predecessor-version":[{"id":1017,"href":"https:\/\/elreporterodelacomunidad.com\/index.php\/wp-json\/wp\/v2\/posts\/443\/revisions\/1017"}],"wp:featuredmedia":[{"embeddable":true,"href":"https:\/\/elreporterodelacomunidad.com\/index.php\/wp-json\/wp\/v2\/media\/1018"}],"wp:attachment":[{"href":"https:\/\/elreporterodelacomunidad.com\/index.php\/wp-json\/wp\/v2\/media?parent=443"}],"wp:term":[{"taxonomy":"category","embeddable":true,"href":"https:\/\/elreporterodelacomunidad.com\/index.php\/wp-json\/wp\/v2\/categories?post=443"},{"taxonomy":"post_tag","embeddable":true,"href":"https:\/\/elreporterodelacomunidad.com\/index.php\/wp-json\/wp\/v2\/tags?post=443"}],"curies":[{"name":"wp","href":"https:\/\/api.w.org\/{rel}","templated":true}]}}