{"id":4353,"date":"2023-12-04T00:00:00","date_gmt":"2023-12-04T07:00:00","guid":{"rendered":"https:\/\/elreporterodelacomunidad.com\/index.php\/2023\/12\/04\/destaca-plan-sonora-en-cop28-como-modelo-ejemplar-contra-el-cambio-climatico-alfonso-durazo\/"},"modified":"2024-05-18T23:28:06","modified_gmt":"2024-05-19T06:28:06","slug":"destaca-plan-sonora-en-cop28-como-modelo-ejemplar-contra-el-cambio-climatico-alfonso-durazo","status":"publish","type":"post","link":"https:\/\/elreporterodelacomunidad.com\/index.php\/2023\/12\/04\/destaca-plan-sonora-en-cop28-como-modelo-ejemplar-contra-el-cambio-climatico-alfonso-durazo\/","title":{"rendered":"Destaca Plan Sonora en COP28 como modelo ejemplar contra el cambio clim\u00e1tico: Alfonso Durazo"},"content":{"rendered":"<p class=\"MsoNormal\">Por segundo a\u00f1o consecutivo, el estado de Sonora encabeza el evento internacional de Conferencias de las Naciones Unidad sobre el Cambio Clim\u00e1tico de 2023, COP28 que se realiza en Dubai, representando a M\u00e9xico con el modelo del Plan Sonora de Energ\u00eda Sostenible, que a la fecha catapulta a la entidad sonorense como un ejemplo del aprovechamiento de energ\u00edas limpias para el impulso econ\u00f3mico y desarrollo integral de sus habitantes, destac\u00f3 el gobernador Alfonso Durazo Monta\u00f1o.<\/p>\n<p class=\"MsoNormal\">El mandatario estatal precis\u00f3 que, durante las conferencias del Pabell\u00f3n NDC. Expo City en Dubai, Emiratos \u00c1rabes Unidos, se presentaron los cinco aspectos m\u00e1s relevantes del Plan Sonora: la generaci\u00f3n de energ\u00eda limpia a gran escala; el desarrollo de infraestructura estrat\u00e9gica para la industria verde que vincula el Puerto de Guaymas con pa\u00edses de Asia y Europa; valor agregado a los minerales vinculados a la electromovilidad y semiconductores.<\/p>\n<p class=\"MsoNormal\">As\u00ed como la formaci\u00f3n de talento humano con la capacitaci\u00f3n de j\u00f3venes por la Universidad Estatal de Arizona para vincularlos a la industria de los semiconductores; y la constituci\u00f3n de un Centro Internacional para la investigaci\u00f3n de electromovilidad y semiconductores.<\/p>\n<p class=\"MsoNormal\">\u201cEs un honor para nosotros participar en la Conferencia de las Naciones Unidas sobre el Cambio Clim\u00e1tico de 2023, COP28, y que nos permitan difundir mas las acciones que hemos implementado con el Plan Sonora y la importancia que representa en la transici\u00f3n hacia las energ\u00edas limpias en M\u00e9xico\u201d, expres\u00f3.<\/p>\n<p class=\"MsoNormal\">Record\u00f3 que hace un a\u00f1o, se present\u00f3 en la COP27 el inicio del Plan Sonora de Energ\u00edas Sostenibles, que representa la pol\u00edtica industrial lanzada por el gobierno para impulsar la transici\u00f3n energetica y apoyar la lucha contra el cambio climatico.<\/p>\n","protected":false},"excerpt":{"rendered":"<p>El mandatario estatal precis\u00f3 que, durante las conferencias del Pabell\u00f3n NDC. Expo City en Dubai, Emiratos \u00c1rabes Unidos, se presentaron los cinco aspectos m\u00e1s relevantes del Plan Sonora: la generaci\u00f3n de energ\u00eda limpia a gran escala; el desarrollo de infraestructura estrat\u00e9gica para la industria verde que vincula el Puerto de Guaymas con pa\u00edses de Asia y Europa; valor agregado a los minerales vinculados a la electromovilidad y semiconductores.<\/p>\n","protected":false},"author":1,"featured_media":4354,"comment_status":"open","ping_status":"open","sticky":false,"template":"","format":"standard","meta":{"footnotes":""},"categories":[29],"tags":[],"class_list":["post-4353","post","type-post","status-publish","format-standard","has-post-thumbnail","hentry","category-principalsecundaria"],"_links":{"self":[{"href":"https:\/\/elreporterodelacomunidad.com\/index.php\/wp-json\/wp\/v2\/posts\/4353","targetHints":{"allow":["GET"]}}],"collection":[{"href":"https:\/\/elreporterodelacomunidad.com\/index.php\/wp-json\/wp\/v2\/posts"}],"about":[{"href":"https:\/\/elreporterodelacomunidad.com\/index.php\/wp-json\/wp\/v2\/types\/post"}],"author":[{"embeddable":true,"href":"https:\/\/elreporterodelacomunidad.com\/index.php\/wp-json\/wp\/v2\/users\/1"}],"replies":[{"embeddable":true,"href":"https:\/\/elreporterodelacomunidad.com\/index.php\/wp-json\/wp\/v2\/comments?post=4353"}],"version-history":[{"count":1,"href":"https:\/\/elreporterodelacomunidad.com\/index.php\/wp-json\/wp\/v2\/posts\/4353\/revisions"}],"predecessor-version":[{"id":4355,"href":"https:\/\/elreporterodelacomunidad.com\/index.php\/wp-json\/wp\/v2\/posts\/4353\/revisions\/4355"}],"wp:featuredmedia":[{"embeddable":true,"href":"https:\/\/elreporterodelacomunidad.com\/index.php\/wp-json\/wp\/v2\/media\/4354"}],"wp:attachment":[{"href":"https:\/\/elreporterodelacomunidad.com\/index.php\/wp-json\/wp\/v2\/media?parent=4353"}],"wp:term":[{"taxonomy":"category","embeddable":true,"href":"https:\/\/elreporterodelacomunidad.com\/index.php\/wp-json\/wp\/v2\/categories?post=4353"},{"taxonomy":"post_tag","embeddable":true,"href":"https:\/\/elreporterodelacomunidad.com\/index.php\/wp-json\/wp\/v2\/tags?post=4353"}],"curies":[{"name":"wp","href":"https:\/\/api.w.org\/{rel}","templated":true}]}}