{"id":434,"date":"2024-04-21T00:00:00","date_gmt":"2024-04-21T07:00:00","guid":{"rendered":"https:\/\/elreporterodelacomunidad.com\/index.php\/2024\/04\/21\/encapuchados-armados-interceptan-a-sheinbaum-en-la-sierra-de-chiapas\/"},"modified":"2024-05-18T22:04:14","modified_gmt":"2024-05-19T05:04:14","slug":"encapuchados-armados-interceptan-a-sheinbaum-en-la-sierra-de-chiapas","status":"publish","type":"post","link":"https:\/\/elreporterodelacomunidad.com\/index.php\/2024\/04\/21\/encapuchados-armados-interceptan-a-sheinbaum-en-la-sierra-de-chiapas\/","title":{"rendered":"Encapuchados armados interceptan a Sheinbaum en la Sierra de Chiapas"},"content":{"rendered":"<div>(proceso.com.mx).- En su tr\u00e1nsito hacia Tapachula, la candidata de Morena, Claudia Sheinbaum, su equipo de trabajo y la prensa que cubre sus actividades fueron interceptados por hombres encapuchados, algunos de ellos con armas en la entrada al municipio de Motozintla, en la regi\u00f3n de la Sierra de Chiapas.<\/div>\n<div><\/div>\n<div>Los embozados le pidieron a la morenista que evite que ese lugar \u201csea un desastre m\u00e1s\u201d, como ocurre en Frontera Comalapa, localidad vecina que est\u00e1 bajo control del C\u00e1rtel Jalisco Nueva Generaci\u00f3n (CJNG) y su brazo civil armado Ma\u00edz. \u201cSi pasamos para all\u00e1, nos hacen pedacitos\u201d, denunciaron.<\/div>\n<div><\/div>\n<div>Al llegar a Motozintla, varios hombres vestidos de negro y encapuchados le dijeron que cuando llegue al poder, que \u201cse acuerde la Sierra\u201d, regi\u00f3n en la que desde hace m\u00e1s de dos a\u00f1os vive una ola de violencia que ha provocado miles de desplazados, desapariciones, ejecuciones y enfrentamientos por la disputa entre el C\u00e1rtel Jalisco Nueva Generaci\u00f3n, C\u00e1rtel de Sinaloa y C\u00e1rtel Chiapas Guatemala.<\/div>\n<div><\/div>\n<div>\u201cAcu\u00e9rdese de la gente pobre do\u00f1ita\u201d, dijo un hombre que se par\u00f3 a un lado de la camioneta en la que viajaba la candidata del Morena. \u201cNada m\u00e1s eso le queremos decir. Ll\u00e9vese eso en su mente, no estamos en contra de ustedes. Somos como pueblo que a veces estamos ac\u00e1 tres d\u00edas por semana cuidando nuestro pueblo\u201d, le dijo.<\/div>\n<div><\/div>\n<div>El encapuchado expres\u00f3 que lo que no quieren es que Motozintla sea \u201cun desastre m\u00e1s como Frontera) Comalapa\u201d, donde el CJNG y su brazo armado tienen pr\u00e1cticamente el control del lugar, con retenes en entradas y salidas y el cobro de derecho de piso, a comerciantes, restauranteros, transportistas, locatarios, taxistas y otros.<\/div>\n<div><\/div>\n<div>\u201cQueremos que usted cuando sea la presidenta, y nos haga favor de limpiar este tramo a (Frontera) Comalapa, porque no podemos llegar para all\u00e1, porque si pasamos para all\u00e1, nos hacen pedacitos doctora. Ese es el sentir de nosotros como pueblo y no le quitamos su valioso tiempo y much\u00edsimas gracias por pararse\u201d, explic\u00f3 el hombre.<\/div>\n<div><\/div>\n<div>Otro de los encapuchados se\u00f1al\u00f3 que siente impotencia como ciudadanos de \u201cque el gobierno no ha hecho nada por estas tierras\u201d.<\/div>\n<div><\/div>\n<div>Despu\u00e9s del di\u00e1logo, los encapuchados permitieron el paso de la caravana de veh\u00edculos hacia la cabecera municipal de Motozintla, donde la candidata tuvo un evento y m\u00e1s tarde estuvo en Tapachula.<\/div>\n<div><\/div>\n<div>De acuerdo con el relato de un reportero, el incidente fue horrible. Relata que cuando los hombres se acercaron, unos estaban encapuchados y otros llevaban armas. Por el susto, no pudo calcular cuantos eran, pero se\u00f1ala que el grupo de hombres observaba detenidamente todo. Luego del di\u00e1logo con la candidata, \u201cno arrancamos\u201d, cont\u00f3.<\/div>\n<div><\/div>\n<div>El primer dato que se tuvo sobre el incidente fue un post en la red social de X de la diputada federal, Patricia Armendariz, quien escribi\u00f3 que del camino de Comit\u00e1n a Motozintla, \u201cnos pararon unos encapuchados de uno de los c\u00e1rteles en pugna en la zona cuidando su territorio\u201d.<\/div>\n<div><\/div>\n<div>La legisladora pidi\u00f3 a la ciudadan\u00eda que le apoyen a descifrar \u201c\u00bfc\u00f3mo acabar con esto tan destructivo? Amatenango de la Frontera, Motozintla y Belisario Dom\u00ednguez son los m\u00e1s afectados\u201d, afirm\u00f3.<\/div>\n","protected":false},"excerpt":{"rendered":"<p>La diputada federal, Patricia Armendariz, escribi\u00f3 que del camino de Comit\u00e1n a Motozintla, \u201cnos pararon unos encapuchados de uno de los c\u00e1rteles en pugna en la zona cuidando su territorio\u201d. Pidieron a la candidata morenista que evite que ese lugar \u201csea un desastre m\u00e1s\u201d como ocurre en Frontera Comalapa, localidad vecina que est\u00e1 bajo control del CJNG.<\/p>\n","protected":false},"author":1,"featured_media":999,"comment_status":"open","ping_status":"open","sticky":false,"template":"","format":"standard","meta":{"footnotes":""},"categories":[29],"tags":[],"class_list":["post-434","post","type-post","status-publish","format-standard","has-post-thumbnail","hentry","category-principalsecundaria"],"_links":{"self":[{"href":"https:\/\/elreporterodelacomunidad.com\/index.php\/wp-json\/wp\/v2\/posts\/434","targetHints":{"allow":["GET"]}}],"collection":[{"href":"https:\/\/elreporterodelacomunidad.com\/index.php\/wp-json\/wp\/v2\/posts"}],"about":[{"href":"https:\/\/elreporterodelacomunidad.com\/index.php\/wp-json\/wp\/v2\/types\/post"}],"author":[{"embeddable":true,"href":"https:\/\/elreporterodelacomunidad.com\/index.php\/wp-json\/wp\/v2\/users\/1"}],"replies":[{"embeddable":true,"href":"https:\/\/elreporterodelacomunidad.com\/index.php\/wp-json\/wp\/v2\/comments?post=434"}],"version-history":[{"count":1,"href":"https:\/\/elreporterodelacomunidad.com\/index.php\/wp-json\/wp\/v2\/posts\/434\/revisions"}],"predecessor-version":[{"id":998,"href":"https:\/\/elreporterodelacomunidad.com\/index.php\/wp-json\/wp\/v2\/posts\/434\/revisions\/998"}],"wp:featuredmedia":[{"embeddable":true,"href":"https:\/\/elreporterodelacomunidad.com\/index.php\/wp-json\/wp\/v2\/media\/999"}],"wp:attachment":[{"href":"https:\/\/elreporterodelacomunidad.com\/index.php\/wp-json\/wp\/v2\/media?parent=434"}],"wp:term":[{"taxonomy":"category","embeddable":true,"href":"https:\/\/elreporterodelacomunidad.com\/index.php\/wp-json\/wp\/v2\/categories?post=434"},{"taxonomy":"post_tag","embeddable":true,"href":"https:\/\/elreporterodelacomunidad.com\/index.php\/wp-json\/wp\/v2\/tags?post=434"}],"curies":[{"name":"wp","href":"https:\/\/api.w.org\/{rel}","templated":true}]}}