{"id":4275,"date":"2023-12-05T00:00:00","date_gmt":"2023-12-05T07:00:00","guid":{"rendered":"https:\/\/elreporterodelacomunidad.com\/index.php\/2023\/12\/05\/ministro-laynez-concede-suspension-contra-la-desaparicion-de-13-fideicomisos-del-poder-judicial\/"},"modified":"2023-12-05T00:00:00","modified_gmt":"2023-12-05T07:00:00","slug":"ministro-laynez-concede-suspension-contra-la-desaparicion-de-13-fideicomisos-del-poder-judicial","status":"publish","type":"post","link":"https:\/\/elreporterodelacomunidad.com\/index.php\/2023\/12\/05\/ministro-laynez-concede-suspension-contra-la-desaparicion-de-13-fideicomisos-del-poder-judicial\/","title":{"rendered":"Ministro Laynez concede suspensi\u00f3n contra la desaparici\u00f3n de 13 fideicomisos del Poder Judicial"},"content":{"rendered":"<p class=\"MsoNormal\">El ministro Javier Laynez Potisek concedi\u00f3 la suspensi\u00f3n solicitada por senadores y diputados de oposici\u00f3n en contra de la desaparici\u00f3n de 13 fideicomisos del Poder Judicial de la Federaci\u00f3n (PJF), integrados por aproximadamente 15 mil millones de pesos.<\/p>\n<p class=\"MsoNormal\">El integrante del Pleno de la Suprema Corte de Justicia de la Naci\u00f3n (SCJN) resolvi\u00f3 la medida cautelar, al admitir a tr\u00e1mite las acciones de inconstitucionalidad 214\/2023, presentada por senadores, y la 220\/2023, de diputados, ambos grupos de oposici\u00f3n.<\/p>\n<p class=\"MsoNormal\">\u201cSe concede la suspensi\u00f3n solicitada por las diversas senadoras y senadores, as\u00ed como determinadas diputadas y diputados del Congreso de la Uni\u00f3n, en los t\u00e9rminos y para los efectos que se indican en este prove\u00eddo.<\/p>\n<p class=\"MsoNormal\">\u201cLa medida cautelar surtir\u00e1 efectos sin necesidad de otorgar garant\u00eda alguna, sin perjuicio de que pueda modificarse o revocarse derivado de alg\u00fan hecho superveniente\u201d, se establece en el acuerdo de la resoluci\u00f3n del ministro Laynez Potisek, publicada en los estrados de la Corte.<\/p>\n<p class=\"MsoNormal\">Con esta medida cautelar se suspende la desaparici\u00f3n de los 13 fideicomisos, como se aprob\u00f3 por parte del Congreso de la Uni\u00f3n con la reforma aprobada a la Ley Org\u00e1nica del Poder Judicial de la Federaci\u00f3n.<\/p>\n<p class=\"MsoNormal\">La suspensi\u00f3n impide que los 15 mil millones de pesos que integran esos fondos puedan ser utilizados para el apoyo a los damnificados por el hurac\u00e1n Otis.<\/p>\n<p class=\"MsoNormal\">Este destino hab\u00eda sido propuesto por el presidente Andr\u00e9s Manuel L\u00f3pez Obrador, medida que respald\u00f3 la presidenta de la SCJN, la ministra Norma Luc\u00eda Pi\u00f1a, si el Ejecutivo le mostraba el mecanismo de distribuci\u00f3n de esos recursos.<\/p>\n","protected":false},"excerpt":{"rendered":"<p>El ministro Javier Laynez Potisek concedi\u00f3 la suspensi\u00f3n que frena la desaparici\u00f3n de 13 fideicomisos del Poder Judicial de la Federaci\u00f3n.<\/p>\n","protected":false},"author":1,"featured_media":4276,"comment_status":"open","ping_status":"open","sticky":false,"template":"","format":"standard","meta":{"footnotes":""},"categories":[29],"tags":[],"class_list":["post-4275","post","type-post","status-publish","format-standard","has-post-thumbnail","hentry","category-principalsecundaria"],"_links":{"self":[{"href":"https:\/\/elreporterodelacomunidad.com\/index.php\/wp-json\/wp\/v2\/posts\/4275","targetHints":{"allow":["GET"]}}],"collection":[{"href":"https:\/\/elreporterodelacomunidad.com\/index.php\/wp-json\/wp\/v2\/posts"}],"about":[{"href":"https:\/\/elreporterodelacomunidad.com\/index.php\/wp-json\/wp\/v2\/types\/post"}],"author":[{"embeddable":true,"href":"https:\/\/elreporterodelacomunidad.com\/index.php\/wp-json\/wp\/v2\/users\/1"}],"replies":[{"embeddable":true,"href":"https:\/\/elreporterodelacomunidad.com\/index.php\/wp-json\/wp\/v2\/comments?post=4275"}],"version-history":[{"count":0,"href":"https:\/\/elreporterodelacomunidad.com\/index.php\/wp-json\/wp\/v2\/posts\/4275\/revisions"}],"wp:featuredmedia":[{"embeddable":true,"href":"https:\/\/elreporterodelacomunidad.com\/index.php\/wp-json\/wp\/v2\/media\/4276"}],"wp:attachment":[{"href":"https:\/\/elreporterodelacomunidad.com\/index.php\/wp-json\/wp\/v2\/media?parent=4275"}],"wp:term":[{"taxonomy":"category","embeddable":true,"href":"https:\/\/elreporterodelacomunidad.com\/index.php\/wp-json\/wp\/v2\/categories?post=4275"},{"taxonomy":"post_tag","embeddable":true,"href":"https:\/\/elreporterodelacomunidad.com\/index.php\/wp-json\/wp\/v2\/tags?post=4275"}],"curies":[{"name":"wp","href":"https:\/\/api.w.org\/{rel}","templated":true}]}}