{"id":4262,"date":"2023-12-06T00:00:00","date_gmt":"2023-12-06T07:00:00","guid":{"rendered":"https:\/\/elreporterodelacomunidad.com\/index.php\/2023\/12\/06\/proyectan-nuevo-paso-a-desnivel-en-colosio-y-solidaridad-para-el-2024\/"},"modified":"2024-05-18T23:25:59","modified_gmt":"2024-05-19T06:25:59","slug":"proyectan-nuevo-paso-a-desnivel-en-colosio-y-solidaridad-para-el-2024","status":"publish","type":"post","link":"https:\/\/elreporterodelacomunidad.com\/index.php\/2023\/12\/06\/proyectan-nuevo-paso-a-desnivel-en-colosio-y-solidaridad-para-el-2024\/","title":{"rendered":"Proyectan nuevo paso a desnivel en Colosio y Solidaridad para el 2024"},"content":{"rendered":"<p class=\"MsoNormal\">Autoridades municipales anunciaron la construcci\u00f3n para el pr\u00f3ximo a\u00f1o de un nuevo Paso a Desnivel en el crucero de Colosio y Solidaridad a fin de reducir los embotellamientos que ah\u00ed se registran.<\/p>\n<p class=\"MsoNormal\">Fue el alcalde Antonio Astiazar\u00e1n Guti\u00e9rrez quien hizo el anuncio sobre esta obra para el 2024, el cual podr\u00eda tener un costo de 250 millones de pesos.<\/p>\n<p class=\"MsoNormal\">Manifest\u00f3 que de antemano el Instituto Municipal de Planeaci\u00f3n ya empez\u00f3 con la realizaci\u00f3n del proyecto ejecutivo que se requiere.<\/p>\n<p class=\"MsoNormal\">Indic\u00f3 que ah\u00ed se busca resolver un problema de tr\u00e1fico y embotellamiento de muchos a\u00f1os y que al igual que otras obras que han venido a resolver este tipo de situaciones en diferentes sectores de la ciudad, se busca aplicar aqu\u00ed.<\/p>\n<p class=\"MsoNormal\">&#8220;Ya solicitamos al Instituto de Planeaci\u00f3n que realice el proyecto ejecutivo para poder efectuar el pr\u00f3ximo a\u00f1o con una inversi\u00f3n que puede llegar a los 250 millones de pesos&#8221;, expres\u00f3.<\/p>\n<p class=\"MsoNormal\">Astiazar\u00e1n Guti\u00e9rrez agreg\u00f3 que el proyecto del reci\u00e9n remodelado paso a desnivel de Veracruz y Luis Encinas tuvo una duraci\u00f3n de poco m\u00e1s de seis meses, es por ello que ya se solicit\u00f3 al Implan que empiece con la realizaci\u00f3n de la planificaci\u00f3n de Colosio y Solidaridad.<\/p>\n<p class=\"MsoNormal\">Agreg\u00f3 que este nuevo proyecto para el 2024 podr\u00eda costar de los 220 a los 250 millones de pesos con recursos municipales.<\/p>\n<p class=\"MsoNormal\">Dijo que se trata de una obra muy importante para la ciudad en materia de circulaci\u00f3n, donde va incluir nueva semaforizaci\u00f3n, as\u00ed como otros aspectos para ayudar a mejorar el flujo del tr\u00e1fico vehicular.<\/p>\n<p class=\"MsoNormal\">Aclar\u00f3 que ser\u00e1n los estudios que realice el Implan los que determinen qu\u00e9 tipo de puente es m\u00e1s conveniente edificar, el cual puede ser elevado o deprimido.<\/p>\n","protected":false},"excerpt":{"rendered":"<p>Fue el alcalde Antonio Astiazar\u00e1n Guti\u00e9rrez quien hizo el anuncio sobre esta obra para el 2024, el cual podr\u00eda tener un costo de 250 millones de pesos.<\/p>\n","protected":false},"author":1,"featured_media":4263,"comment_status":"open","ping_status":"open","sticky":false,"template":"","format":"standard","meta":{"footnotes":""},"categories":[29],"tags":[],"class_list":["post-4262","post","type-post","status-publish","format-standard","has-post-thumbnail","hentry","category-principalsecundaria"],"_links":{"self":[{"href":"https:\/\/elreporterodelacomunidad.com\/index.php\/wp-json\/wp\/v2\/posts\/4262","targetHints":{"allow":["GET"]}}],"collection":[{"href":"https:\/\/elreporterodelacomunidad.com\/index.php\/wp-json\/wp\/v2\/posts"}],"about":[{"href":"https:\/\/elreporterodelacomunidad.com\/index.php\/wp-json\/wp\/v2\/types\/post"}],"author":[{"embeddable":true,"href":"https:\/\/elreporterodelacomunidad.com\/index.php\/wp-json\/wp\/v2\/users\/1"}],"replies":[{"embeddable":true,"href":"https:\/\/elreporterodelacomunidad.com\/index.php\/wp-json\/wp\/v2\/comments?post=4262"}],"version-history":[{"count":1,"href":"https:\/\/elreporterodelacomunidad.com\/index.php\/wp-json\/wp\/v2\/posts\/4262\/revisions"}],"predecessor-version":[{"id":4264,"href":"https:\/\/elreporterodelacomunidad.com\/index.php\/wp-json\/wp\/v2\/posts\/4262\/revisions\/4264"}],"wp:featuredmedia":[{"embeddable":true,"href":"https:\/\/elreporterodelacomunidad.com\/index.php\/wp-json\/wp\/v2\/media\/4263"}],"wp:attachment":[{"href":"https:\/\/elreporterodelacomunidad.com\/index.php\/wp-json\/wp\/v2\/media?parent=4262"}],"wp:term":[{"taxonomy":"category","embeddable":true,"href":"https:\/\/elreporterodelacomunidad.com\/index.php\/wp-json\/wp\/v2\/categories?post=4262"},{"taxonomy":"post_tag","embeddable":true,"href":"https:\/\/elreporterodelacomunidad.com\/index.php\/wp-json\/wp\/v2\/tags?post=4262"}],"curies":[{"name":"wp","href":"https:\/\/api.w.org\/{rel}","templated":true}]}}