{"id":425,"date":"2024-04-22T00:00:00","date_gmt":"2024-04-22T07:00:00","guid":{"rendered":"https:\/\/elreporterodelacomunidad.com\/index.php\/2024\/04\/22\/deja-amlo-deficit-de-308-mil-mdp-en-fondos-de-estabilizacion\/"},"modified":"2024-05-18T22:03:54","modified_gmt":"2024-05-19T05:03:54","slug":"deja-amlo-deficit-de-308-mil-mdp-en-fondos-de-estabilizacion","status":"publish","type":"post","link":"https:\/\/elreporterodelacomunidad.com\/index.php\/2024\/04\/22\/deja-amlo-deficit-de-308-mil-mdp-en-fondos-de-estabilizacion\/","title":{"rendered":"Deja AMLO d\u00e9ficit de 308 mil mdp en fondos de estabilizaci\u00f3n"},"content":{"rendered":"<p class=\"MsoNormal\">A cinco meses de que concluya este sexenio se advierte pr\u00e1cticamente imposible que el gobierno del presidente Andr\u00e9s Manuel L\u00f3pez Obrador logre reponer en su totalidad los recursos del Fondo de Estabilizaci\u00f3n de Ingresos Presupuestarios (FEIP) y del Fondo de Estabilizaci\u00f3n de Ingresos de las Entidades Federativas (FEIEF) que hab\u00eda en la Hacienda p\u00fablica al inicio de esta administraci\u00f3n.<\/p>\n<p class=\"MsoNormal\">\n<p class=\"MsoNormal\">A pesar de que desde 2022 la Federaci\u00f3n comenz\u00f3 a inyectar dinero a estos fondos, se prev\u00e9 que a diciembre de 2024 no se reponga ni la mitad del dinero que hab\u00eda.<\/p>\n<p class=\"MsoNormal\">Para solucionar lo anterior, en marzo pasado se aprob\u00f3 una reforma a fin de incrementar las fuentes de financiamiento de los fondos, y aunque el gobierno federal sostiene que terminar\u00e1n con cifras similares a las que inici\u00f3 esta administraci\u00f3n, los expertos creen lo contrario, pues se requieren m\u00e1s de 308 mil millones para alcanzar los niveles que ambos fondos ten\u00edan en 2018.<\/p>\n<p class=\"MsoNormal\">De acuerdo con el \u00faltimo informe mensual de las finanzas p\u00fablicas que la Secretar\u00eda de Hacienda y Cr\u00e9dito P\u00fablico (SHCP) envi\u00f3 a la C\u00e1mara de Diputados, durante los dos primeros meses de 2024 (enero-febrero) el gobierno transfiri\u00f3 6 mil 111 millones de pesos al FEIP y mil 713 millones al FEIEF.<\/p>\n<p class=\"MsoNormal\">Con ello, logr\u00f3 por tercer a\u00f1o consecutivo hacer aportaciones a dichos fondos; sin embargo, lo anterior no ha resultado suficiente para volver a las cifras que se ten\u00edan en 2018.<\/p>\n<p class=\"MsoNormal\">En 2018 hab\u00eda en el FEIP 279 mil 770.70 millones de pesos; sin embargo, en 2019, durante el primer a\u00f1o de gobierno de L\u00f3pez Obrador, los recursos del fondo se redujeron a 158 mil 543.80 millones de pesos, es decir, 45.3%. Para entonces todav\u00eda no iniciaba la pandemia, a pesar de que el gobierno ha sostenido que los fondos fueron utilizados para enfrentar sus efectos. \u201cNo obstante, vale la pena decir que sin crisis y pandemia, en 2019 los ingresos del fondo disminuyeron en 121 mil comparados con el ejercicio previo, (-) 45.3% en t\u00e9rminos reales\u201d, declar\u00f3 el diputado H\u00e9ctor Sa\u00fal T\u00e9llez Hern\u00e1ndez, integrante de la Comisi\u00f3n de Hacienda de la C\u00e1mara de Diputados.<\/p>\n<p class=\"MsoNormal\">En 2020, el FEIP ya s\u00f3lo ten\u00eda 9 mil 497.8 millones, para 2021 creci\u00f3 9 mil 907 y en 2022 cuando comenz\u00f3 la estrategia para reponer los recursos, el FEIP creci\u00f3 a 24 mil 978.4 millones de pesos en 2022, en tanto que al t\u00e9rmino de 2023 ya estaba en 40 mil 524 millones.<\/p>\n<p class=\"MsoNormal\">En los primeros meses de 2024, el FEIP cuenta con 46 mil 635 millones de pesos, por lo que el gobierno tendr\u00eda que destinar en los pr\u00f3ximos ocho meses m\u00e1s de 233 mil millones de pesos para llegar a los niveles que se ten\u00edan en 2018, lo que es \u201cimposible\u201d para los expertos.<\/p>\n<p class=\"MsoNormal\">\u201cResulta cuestionable que se usen estos fondos de manera discrecional, cuando \u00fanicamente deber\u00edan de utilizase cuando hay una crisis o menor captaci\u00f3n de ingresos. Los n\u00fameros en los que dejar\u00e1n el fondo evidencia que se ha hecho un manejo indiscriminado de esos recursos y que, adem\u00e1s, ser\u00e1 imposible reponer los montos con los que se contaba en 2018\u201d, agreg\u00f3 T\u00e9llez.<\/p>\n<p class=\"MsoNormal\">En lo que respecta al FEIEF, hasta la fecha no ha habido una estrategia para reponer esos recursos, por lo que dicho fondo ha sido orde\u00f1ado de manera sistem\u00e1tica a\u00f1o con a\u00f1o.<\/p>\n<p class=\"MsoNormal\">En 2018 el FEIEF ten\u00eda 88 mil 722 millones de pesos, en 2019 baj\u00f3 a 60 mil 461 millones, en 2020 baj\u00f3 a 30 mil 650 millones, para 2021 ya le quedaban 21 mil 368 millones, en 2022 tuvo un ligero incremento a 21 mil 847 millones; sin embargo, el dinero volvi\u00f3 a gastarse en 2023, por lo que en diciembre de ese a\u00f1o al FEIEF ya s\u00f3lo le quedaban 11 mil 828 millones de pesos.<\/p>\n<p class=\"MsoNormal\">En los primeros meses de 2024 el FEIEF cuenta con 13 mil 541 millones de pesos, es decir, que se requiere inyectar m\u00e1s de 75 mil millones de pesos para regresar a los niveles del a\u00f1o 2018.<\/p>\n<p class=\"MsoNormal\">En total, entre ambos fondos, los recursos faltantes suman 308 mil 181 millones de pesos, equivalente a pensiones del bienestar durante un a\u00f1o a m\u00e1s de 16 millones de adultos mayores.<\/p>\n<p class=\"MsoNormal\">Para solucionar lo anterior, el pasado 13 de marzo el pleno de la C\u00e1mara de Diputados aprob\u00f3 una reforma que permite al gobierno realimentar el FEIP a trav\u00e9s de nuevas fuentes de financiamiento como son activos financieros y excedentes.<\/p>\n<p class=\"MsoNormal\">De acuerdo con Gabriel Yorio, esta reforma permitir\u00e1 dejar un FEIP m\u00e1s fortalecido: \u201cDe haber contado con estas retribuciones en a\u00f1os pasados, se podr\u00eda haber nutrido al FEIP con 20 mil millones de pesos de ahorros al a\u00f1o en el costo de la deuda\u201d, ejemplific\u00f3 en entrevista con medios en Acapulco.<\/p>\n<p class=\"MsoNormal\">Pese a ello, los expertos consideran que ya es tarde, y aunque la medida es buena, no se lograr\u00e1 cerrar con los niveles que se ten\u00edan al inicio de este gobierno.<\/p>\n<p class=\"MsoNormal\">Recientemente, Emilio S\u00e1nchez Salazar, investigador en el \u00e1rea de finanzas p\u00fablicas subnacionales en el Centro de Investigaci\u00f3n Econ\u00f3mica y Presupuestaria A.C. (CIEP), public\u00f3 un estudio en la materia, en el que advierte que \u201cen M\u00e9xico dichos fondos se encuentran en una situaci\u00f3n en la que no tienen suficientes recursos para cumplir su prop\u00f3sito. A nivel federal, el FEIEF se ha utilizado en diversas ocasiones desde su creaci\u00f3n, pero m\u00e1s recientemente en la pandemia y en 2023. Su saldo se ha potenciado por medio del endeudamiento. Ante ello, en 2024 ya no contar\u00eda con suficientes recursos para una nueva crisis\u201d.<\/p>\n","protected":false},"excerpt":{"rendered":"<p>A finales de 2024 no estar\u00e1 cubierta ni la mitad de lo que hab\u00eda en 2018 en el FEIP y el FEIEF, advierten expertos; se requerir\u00edan m\u00e1s de 308 mil mdp.<\/p>\n","protected":false},"author":1,"featured_media":981,"comment_status":"open","ping_status":"open","sticky":false,"template":"","format":"standard","meta":{"footnotes":""},"categories":[29],"tags":[],"class_list":["post-425","post","type-post","status-publish","format-standard","has-post-thumbnail","hentry","category-principalsecundaria"],"_links":{"self":[{"href":"https:\/\/elreporterodelacomunidad.com\/index.php\/wp-json\/wp\/v2\/posts\/425","targetHints":{"allow":["GET"]}}],"collection":[{"href":"https:\/\/elreporterodelacomunidad.com\/index.php\/wp-json\/wp\/v2\/posts"}],"about":[{"href":"https:\/\/elreporterodelacomunidad.com\/index.php\/wp-json\/wp\/v2\/types\/post"}],"author":[{"embeddable":true,"href":"https:\/\/elreporterodelacomunidad.com\/index.php\/wp-json\/wp\/v2\/users\/1"}],"replies":[{"embeddable":true,"href":"https:\/\/elreporterodelacomunidad.com\/index.php\/wp-json\/wp\/v2\/comments?post=425"}],"version-history":[{"count":1,"href":"https:\/\/elreporterodelacomunidad.com\/index.php\/wp-json\/wp\/v2\/posts\/425\/revisions"}],"predecessor-version":[{"id":980,"href":"https:\/\/elreporterodelacomunidad.com\/index.php\/wp-json\/wp\/v2\/posts\/425\/revisions\/980"}],"wp:featuredmedia":[{"embeddable":true,"href":"https:\/\/elreporterodelacomunidad.com\/index.php\/wp-json\/wp\/v2\/media\/981"}],"wp:attachment":[{"href":"https:\/\/elreporterodelacomunidad.com\/index.php\/wp-json\/wp\/v2\/media?parent=425"}],"wp:term":[{"taxonomy":"category","embeddable":true,"href":"https:\/\/elreporterodelacomunidad.com\/index.php\/wp-json\/wp\/v2\/categories?post=425"},{"taxonomy":"post_tag","embeddable":true,"href":"https:\/\/elreporterodelacomunidad.com\/index.php\/wp-json\/wp\/v2\/tags?post=425"}],"curies":[{"name":"wp","href":"https:\/\/api.w.org\/{rel}","templated":true}]}}