{"id":423,"date":"2024-04-22T00:00:00","date_gmt":"2024-04-22T07:00:00","guid":{"rendered":"https:\/\/elreporterodelacomunidad.com\/index.php\/2024\/04\/22\/imponen-condena-de-mas-de-26-anos-a-darrel-enrique-n-por-homicidio-calificado\/"},"modified":"2024-05-18T22:03:51","modified_gmt":"2024-05-19T05:03:51","slug":"imponen-condena-de-mas-de-26-anos-a-darrel-enrique-n-por-homicidio-calificado","status":"publish","type":"post","link":"https:\/\/elreporterodelacomunidad.com\/index.php\/2024\/04\/22\/imponen-condena-de-mas-de-26-anos-a-darrel-enrique-n-por-homicidio-calificado\/","title":{"rendered":"Imponen condena de m\u00e1s de 26 a\u00f1os a Darrel Enrique &#8220;N&#8221; por homicidio calificado"},"content":{"rendered":"<div>La Fiscal\u00eda General de Justicia del Estado de Sonora (FGJES) derivado de su proceder en contra de Darrel Enrique &#8220;N&#8221;, de 30 a\u00f1os, ha logrado una sentencia de 26 a\u00f1os, 6 meses y 22 d\u00edas de prisi\u00f3n para el se\u00f1alado, debido a su probada responsabilidad por el delito de homicidio calificado con premeditaci\u00f3n, alevos\u00eda y ventaja.&nbsp;<\/div>\n<div><\/div>\n<div>El fallo se dict\u00f3 tras un juicio donde se demostr\u00f3 su culpabilidad en la muerte de Jorge Ulises \u201cN\u201d, de 25 a\u00f1os, hecho que ocurri\u00f3 aproximadamente a las 06:30 horas del 7 de julio de 2022, en la calle Jalapa entre calle Toluca y Villahermosa de la Colonia S\u00f3stenes Valenzuela Miller de Ciudad Obreg\u00f3n.<\/div>\n<div><\/div>\n<div>De acuerdo con los detalles del caso, Darrel Enrique \u201cN\u201d, junto con al menos un c\u00f3mplice, planific\u00f3 y ejecut\u00f3 el ataque de manera sorpresiva y coordinada, utilizando armas de fuego para disparar directamente contra Jorge Ulises \u201cN\u201d, quien fue superado en n\u00famero y no tuvo oportunidad de defenderse.<\/div>\n<div><\/div>\n<div>Este veredicto refleja el esfuerzo continuo de la FGJES por asegurar que los delitos graves como este no queden impunes. La sentencia impuesta no solo busca impartir justicia para la v\u00edctima y sus allegados, sino tambi\u00e9n reafirmar el compromiso de la instituci\u00f3n con la aplicaci\u00f3n rigurosa de la ley y el mantenimiento del orden p\u00fablico.<\/div>\n<div><\/div>\n<div>La Fiscal\u00eda subraya su compromiso con la seguridad de los ciudadanos de Sonora y con la persecuci\u00f3n eficaz de aquellos que transgreden las leyes del estado. Este caso sirve como recordatorio de que la justicia prevalecer\u00e1 y de que las conductas delictivas tendr\u00e1n consecuencias significativas para quienes las perpetren.<\/div>\n","protected":false},"excerpt":{"rendered":"<p>La Fiscal\u00eda General de Justicia del Estado de Sonora (FGJES) derivado de su proceder en contra de Darrel Enrique &#8220;N&#8221;, de 30 a\u00f1os, ha logrado una sentencia de 26 a\u00f1os, 6 meses y 22 d\u00edas de prisi\u00f3n para el se\u00f1alado, debido a su probada responsabilidad por el delito de homicidio calificado con premeditaci\u00f3n, alevos\u00eda y [&hellip;]<\/p>\n","protected":false},"author":1,"featured_media":977,"comment_status":"open","ping_status":"open","sticky":false,"template":"","format":"standard","meta":{"footnotes":""},"categories":[32],"tags":[],"class_list":["post-423","post","type-post","status-publish","format-standard","has-post-thumbnail","hentry","category-policiaca"],"_links":{"self":[{"href":"https:\/\/elreporterodelacomunidad.com\/index.php\/wp-json\/wp\/v2\/posts\/423","targetHints":{"allow":["GET"]}}],"collection":[{"href":"https:\/\/elreporterodelacomunidad.com\/index.php\/wp-json\/wp\/v2\/posts"}],"about":[{"href":"https:\/\/elreporterodelacomunidad.com\/index.php\/wp-json\/wp\/v2\/types\/post"}],"author":[{"embeddable":true,"href":"https:\/\/elreporterodelacomunidad.com\/index.php\/wp-json\/wp\/v2\/users\/1"}],"replies":[{"embeddable":true,"href":"https:\/\/elreporterodelacomunidad.com\/index.php\/wp-json\/wp\/v2\/comments?post=423"}],"version-history":[{"count":1,"href":"https:\/\/elreporterodelacomunidad.com\/index.php\/wp-json\/wp\/v2\/posts\/423\/revisions"}],"predecessor-version":[{"id":976,"href":"https:\/\/elreporterodelacomunidad.com\/index.php\/wp-json\/wp\/v2\/posts\/423\/revisions\/976"}],"wp:featuredmedia":[{"embeddable":true,"href":"https:\/\/elreporterodelacomunidad.com\/index.php\/wp-json\/wp\/v2\/media\/977"}],"wp:attachment":[{"href":"https:\/\/elreporterodelacomunidad.com\/index.php\/wp-json\/wp\/v2\/media?parent=423"}],"wp:term":[{"taxonomy":"category","embeddable":true,"href":"https:\/\/elreporterodelacomunidad.com\/index.php\/wp-json\/wp\/v2\/categories?post=423"},{"taxonomy":"post_tag","embeddable":true,"href":"https:\/\/elreporterodelacomunidad.com\/index.php\/wp-json\/wp\/v2\/tags?post=423"}],"curies":[{"name":"wp","href":"https:\/\/api.w.org\/{rel}","templated":true}]}}