{"id":420,"date":"2024-04-23T00:00:00","date_gmt":"2024-04-23T07:00:00","guid":{"rendered":"https:\/\/elreporterodelacomunidad.com\/index.php\/2024\/04\/23\/a-proceso-francisco-javier-n-por-probables-delitos-sexuales-contra-una-menor-en-pueblitos\/"},"modified":"2024-05-18T22:03:39","modified_gmt":"2024-05-19T05:03:39","slug":"a-proceso-francisco-javier-n-por-probables-delitos-sexuales-contra-una-menor-en-pueblitos","status":"publish","type":"post","link":"https:\/\/elreporterodelacomunidad.com\/index.php\/2024\/04\/23\/a-proceso-francisco-javier-n-por-probables-delitos-sexuales-contra-una-menor-en-pueblitos\/","title":{"rendered":"A proceso Francisco Javier \u201cN\u201d por probables delitos sexuales contra una menor en Pueblitos"},"content":{"rendered":"<p class=\"MsoNormal\">Debido a las acusaciones en su contra por presunto abuso sexual reiterado en agravio de una menor de 11 a\u00f1os de edad, la Fiscal\u00eda General de Justicia del Estado de Sonora (FGJES) logr\u00f3 que un Juez vinculara a proceso a Francisco Javier \u201cN\u201d, de 44 a\u00f1os de edad.<\/p>\n<p class=\"MsoNormal\">\n<p class=\"MsoNormal\">En la carpeta de investigaci\u00f3n iniciada se establece, con medios de prueba cient\u00edficos y testimoniales, que el imputado efectu\u00f3 tocamientos en contra de la menor, vali\u00e9ndose para ello de la confianza que ella le ten\u00eda al considerarlo su abuelo.<\/p>\n<p class=\"MsoNormal\">Estos hechos ocurrieron en tres fechas diferentes cuando ellos se encontraban solos en una vivienda de la colonia Pueblitos, donde pod\u00eda acercarse a la menor debido al rol familiar con el que interactuaban.<\/p>\n<p class=\"MsoNormal\">Debido a lo anterior, se efectu\u00f3 la denuncia correspondiente, se iniciaron los actos de investigaci\u00f3n por parte de esta representaci\u00f3n social y se obtuvo una orden de aprehensi\u00f3n, misma que ejecutaron elementos de la Agencia Ministerial de Investigaci\u00f3n Criminal (AMIC) el pasado 15 de abril de 2024.<\/p>\n<p class=\"MsoNormal\">En audiencia, se formul\u00f3 imputaci\u00f3n ante el Juez y se solicit\u00f3 la vinculaci\u00f3n a proceso para el presunto responsable y se determin\u00f3 prisi\u00f3n preventiva justificada por parte del Juez a fin de garantizar que Francisco Javier \u201cN\u201d se presente a las audiencias subsecuentes que la ley demanda.<\/p>\n","protected":false},"excerpt":{"rendered":"<p>Debido a las acusaciones en su contra por presunto abuso sexual reiterado en agravio de una menor de 11 a\u00f1os de edad, la Fiscal\u00eda General de Justicia del Estado de Sonora (FGJES) logr\u00f3 que un Juez vinculara a proceso a Francisco Javier \u201cN\u201d, de 44 a\u00f1os de edad. En la carpeta de investigaci\u00f3n iniciada se [&hellip;]<\/p>\n","protected":false},"author":1,"featured_media":970,"comment_status":"open","ping_status":"open","sticky":false,"template":"","format":"standard","meta":{"footnotes":""},"categories":[32],"tags":[],"class_list":["post-420","post","type-post","status-publish","format-standard","has-post-thumbnail","hentry","category-policiaca"],"_links":{"self":[{"href":"https:\/\/elreporterodelacomunidad.com\/index.php\/wp-json\/wp\/v2\/posts\/420","targetHints":{"allow":["GET"]}}],"collection":[{"href":"https:\/\/elreporterodelacomunidad.com\/index.php\/wp-json\/wp\/v2\/posts"}],"about":[{"href":"https:\/\/elreporterodelacomunidad.com\/index.php\/wp-json\/wp\/v2\/types\/post"}],"author":[{"embeddable":true,"href":"https:\/\/elreporterodelacomunidad.com\/index.php\/wp-json\/wp\/v2\/users\/1"}],"replies":[{"embeddable":true,"href":"https:\/\/elreporterodelacomunidad.com\/index.php\/wp-json\/wp\/v2\/comments?post=420"}],"version-history":[{"count":1,"href":"https:\/\/elreporterodelacomunidad.com\/index.php\/wp-json\/wp\/v2\/posts\/420\/revisions"}],"predecessor-version":[{"id":969,"href":"https:\/\/elreporterodelacomunidad.com\/index.php\/wp-json\/wp\/v2\/posts\/420\/revisions\/969"}],"wp:featuredmedia":[{"embeddable":true,"href":"https:\/\/elreporterodelacomunidad.com\/index.php\/wp-json\/wp\/v2\/media\/970"}],"wp:attachment":[{"href":"https:\/\/elreporterodelacomunidad.com\/index.php\/wp-json\/wp\/v2\/media?parent=420"}],"wp:term":[{"taxonomy":"category","embeddable":true,"href":"https:\/\/elreporterodelacomunidad.com\/index.php\/wp-json\/wp\/v2\/categories?post=420"},{"taxonomy":"post_tag","embeddable":true,"href":"https:\/\/elreporterodelacomunidad.com\/index.php\/wp-json\/wp\/v2\/tags?post=420"}],"curies":[{"name":"wp","href":"https:\/\/api.w.org\/{rel}","templated":true}]}}