{"id":4193,"date":"2023-12-08T00:00:00","date_gmt":"2023-12-08T07:00:00","guid":{"rendered":"https:\/\/elreporterodelacomunidad.com\/index.php\/2023\/12\/08\/suman-14-fallecidos-por-enfrentamiento-entre-civiles-y-grupo-armado-en-texcaltitlan-edomex\/"},"modified":"2023-12-08T00:00:00","modified_gmt":"2023-12-08T07:00:00","slug":"suman-14-fallecidos-por-enfrentamiento-entre-civiles-y-grupo-armado-en-texcaltitlan-edomex","status":"publish","type":"post","link":"https:\/\/elreporterodelacomunidad.com\/index.php\/2023\/12\/08\/suman-14-fallecidos-por-enfrentamiento-entre-civiles-y-grupo-armado-en-texcaltitlan-edomex\/","title":{"rendered":"Suman 14 fallecidos por enfrentamiento entre civiles y grupo armado en Texcaltitl\u00e1n, Edomex"},"content":{"rendered":"<p class=\"MsoNormal\">Elev\u00f3 a 14 la cifra de fallecidos en el enfrentamiento entre civiles armados y civiles en la comunidad de Texcapilla, municipio de Texcaltitl\u00e1n, al sur del Estado de M\u00e9xico.<\/p>\n<p class=\"MsoNormal\">La Secretar\u00eda de Seguridad (SS) actualiz\u00f3 la informaci\u00f3n sobre los hechos ocurridos esta ma\u00f1ana, de acuerdo con los datos m\u00e1s recientes recabados, se tiene el reporte de que&nbsp; 11 de las personas fallecidas son posibles integrantes de un grupo criminal y tres son vecinos de la zona.<\/p>\n<p class=\"MsoNormal\">Adicionalmente, detallaron que hay cuatro personas lesionadas por proyectil de arma de fuego y dos m\u00e1s desaparecidas.<\/p>\n<p class=\"MsoNormal\">Esta ma\u00f1ana un grupo de civiles se enfrentaron con una decena de personas armadas, presuntamente integrantes de la Familia Michoacana, quienes les exig\u00edan a los pobladores el pago de un peso por metro de siembra, cuando los pobladores se rehusaron a pagar la extorsi\u00f3n, comenz\u00f3 un enfrentamiento, en el que decenas de habitantes de la localidad sure\u00f1a arremetieron contra los presuntos delincuentes con machetes, armas de fuego y hasta una hoz.<\/p>\n<p class=\"MsoNormal\">Los pobladores pidieron auxilio a las autoridades toda vez que temen por su seguridad, ya que previo al enfrentamiento, uno de los posibles l\u00edderes de la c\u00e9lula, pidi\u00f3 refuerzos. Al lugar acudieron Elementos de la Secretaria de Seguridad estatal, acompa\u00f1ados por las corporaciones como la Guardia Nacional, la Secretar\u00eda de la Defensa Nacional (Sedena), adem\u00e1s de la Fiscal\u00eda General de Justicia mexiquense, para resguardar la zona.<\/p>\n","protected":false},"excerpt":{"rendered":"<p>11 de las personas muertas son posibles integrantes del grupo criminal la Familia Michoacana.<\/p>\n","protected":false},"author":1,"featured_media":4195,"comment_status":"open","ping_status":"open","sticky":false,"template":"","format":"standard","meta":{"footnotes":""},"categories":[29],"tags":[],"class_list":["post-4193","post","type-post","status-publish","format-standard","has-post-thumbnail","hentry","category-principalsecundaria"],"_links":{"self":[{"href":"https:\/\/elreporterodelacomunidad.com\/index.php\/wp-json\/wp\/v2\/posts\/4193","targetHints":{"allow":["GET"]}}],"collection":[{"href":"https:\/\/elreporterodelacomunidad.com\/index.php\/wp-json\/wp\/v2\/posts"}],"about":[{"href":"https:\/\/elreporterodelacomunidad.com\/index.php\/wp-json\/wp\/v2\/types\/post"}],"author":[{"embeddable":true,"href":"https:\/\/elreporterodelacomunidad.com\/index.php\/wp-json\/wp\/v2\/users\/1"}],"replies":[{"embeddable":true,"href":"https:\/\/elreporterodelacomunidad.com\/index.php\/wp-json\/wp\/v2\/comments?post=4193"}],"version-history":[{"count":0,"href":"https:\/\/elreporterodelacomunidad.com\/index.php\/wp-json\/wp\/v2\/posts\/4193\/revisions"}],"wp:featuredmedia":[{"embeddable":true,"href":"https:\/\/elreporterodelacomunidad.com\/index.php\/wp-json\/wp\/v2\/media\/4195"}],"wp:attachment":[{"href":"https:\/\/elreporterodelacomunidad.com\/index.php\/wp-json\/wp\/v2\/media?parent=4193"}],"wp:term":[{"taxonomy":"category","embeddable":true,"href":"https:\/\/elreporterodelacomunidad.com\/index.php\/wp-json\/wp\/v2\/categories?post=4193"},{"taxonomy":"post_tag","embeddable":true,"href":"https:\/\/elreporterodelacomunidad.com\/index.php\/wp-json\/wp\/v2\/tags?post=4193"}],"curies":[{"name":"wp","href":"https:\/\/api.w.org\/{rel}","templated":true}]}}