{"id":417,"date":"2024-04-23T00:00:00","date_gmt":"2024-04-23T07:00:00","guid":{"rendered":"https:\/\/elreporterodelacomunidad.com\/index.php\/2024\/04\/23\/ceci-flores-julian-y-adrian-lebaron-denuncian-desplazamiento-forzado-en-sonora\/"},"modified":"2024-05-18T22:03:34","modified_gmt":"2024-05-19T05:03:34","slug":"ceci-flores-julian-y-adrian-lebaron-denuncian-desplazamiento-forzado-en-sonora","status":"publish","type":"post","link":"https:\/\/elreporterodelacomunidad.com\/index.php\/2024\/04\/23\/ceci-flores-julian-y-adrian-lebaron-denuncian-desplazamiento-forzado-en-sonora\/","title":{"rendered":"Ceci Flores, Juli\u00e1n y Adri\u00e1n LeBar\u00f3n denuncian desplazamiento forzado en Sonora"},"content":{"rendered":"<p class=\"MsoNormal\">Para poner en evidencia el desplazamiento forzado que se vive en el ejido F\u00e9lix G\u00f3mez del municipio de Pitiquito, Adrian LeBar\u00f3n y Juli\u00e1n LeBar\u00f3n visitar\u00e1n el lugar, acompa\u00f1ados de la madre buscadora Ceci Patricia Flores Armenta.<\/p>\n<p class=\"MsoNormal\">\n<p class=\"MsoNormal\">Los integrantes de la familia LeBar\u00f3n, que fue v\u00edctima de la masacre de 9 de sus miembros, 3 mujeres y 6 menores, en noviembre de 2019, anunciaron a trav\u00e9s de su cuenta de X (antes Twitter) que viajar\u00e1n a la zona donde se ha reportado el abandono de las familias a ra\u00edz de la violencia que ha sido objeto.<\/p>\n<p class=\"MsoNormal\">\u201cMa\u00f1ana visitaremos la comisar\u00eda de F\u00e9lix G\u00f3mez en Pitiquito, Sonora, un lugar que ha sido abandonado, buscamos hacer visibles esos lugares que nos duelen. Tierras que han sido abandonadas porque familias enteras quieren vivir en paz, sin miedos\u201d, posteo Adri\u00e1n LeBar\u00f3n en su cuenta personal la tarde del lunes 22 de abril.<\/p>\n<p class=\"MsoNormal\">Por su parte Juli\u00e1n LeBar\u00f3n escribi\u00f3 la ma\u00f1ana de este martes 23 de abril: \u201cTodos somos responsables del silencio; de abandonar a nuestros hermanos a los lobos\u201d.<\/p>\n<p class=\"MsoNormal\">Adri\u00e1n LeBar\u00f3n public\u00f3 un video mensaje, momentos antes salir de Santa Ana a Pitiquito, acompa\u00f1ado de Juli\u00e1n LeBar\u00f3n y de la madre buscadora Ceci Patricia Flores.<\/p>\n<p class=\"MsoNormal\">\u201cDesde Santa Ana, Sonora, rumbo a Pitiquito, acompa\u00f1ado de Juli\u00e1n y los dem\u00e1s, estamos yendo rumbo a Pitiquito para poner en evidencia una noticia que nos doli\u00f3 mucho, que hay desplazamiento forzado en Pitiquito, en F\u00e9lix Gomez\u201d.<\/p>\n<p class=\"MsoNormal\">El activista mencion\u00f3 que este tipo de situaciones, reabren la herida que dej\u00f3 la masacre de su familia en Bavispe y el desplazamiento forzoso de las familias que viv\u00edan en la zona donde sucedi\u00f3 la tragedia, hace casi cinco a\u00f1os.<\/p>\n<p class=\"MsoNormal\">\u201cNom\u00e1s les quiero decir que cada vez que sucede esto, pues revive lo que sufri\u00f3 mi pueblo, mi gente, mi familia, despu\u00e9s de la masacre del 4 de noviembre. Tambi\u00e9n la Mora, en Bavispe, sufri\u00f3 un desplazamiento forzado, m\u00e1s del 60% de nuestras familias nativas de la Mora, Bavispe, se desplazaron\u201d, coment\u00f3.<\/p>\n<p class=\"MsoNormal\">Revel\u00f3 que esto no solo pasa en Sonora, sino que tambi\u00e9n sucede en muchos lugares de Chihuahua y manifest\u00f3 que es su obligaci\u00f3n poner en evidencia tales situaciones.<\/p>\n<p class=\"MsoNormal\">\u201cY Chihuahua tiene muchos pueblos, estoy muy cerca de muchos pueblos que han vivido el desplazamiento forzado y es mi trabajo y mi obligaci\u00f3n seguir exponiendo esto y vamos a seguir apoyando a estos pueblos, los que sufren estas masacres, estas indolencia, y vamos a exponerlo\u201d.<\/p>\n<p class=\"MsoNormal\">La masacre a la familia LeBar\u00f3n en Sonora<\/p>\n<p class=\"MsoNormal\">El 4 de noviembre de 2019, de acuerdo a la cronolog\u00eda detallada por Alfonso Durazo Monta\u00f1o, entonces secretario de Seguridad y Protecci\u00f3n Ciudadana a nivel federal y por Joel LeBar\u00f3n, ese d\u00eda por la ma\u00f1ana salieron de la poblaci\u00f3n de La Mora, municipio de Bavispe, Sonora, diecisiete miembros de la familia LeBar\u00f3n: tres mujeres adultas y catorce menores de edad, hijos de ellas; todos en una caravana de tres veh\u00edculos tipo SUV. Dos de los grupos se dirig\u00edan al municipio de Galeana y el tercero, conducido por Rhonita Maria Miller, se dirig\u00eda a Phoenix, Arizona, a cuyo aeropuerto arribar\u00eda su esposo.<\/p>\n<p class=\"MsoNormal\">Los veh\u00edculos fueron interceptados alrededor de las 13:00 horas tiempo de la Monta\u00f1a (20:00 GMT) en un camino de terracer\u00eda que une las comunidades de San Miguelito en Sonora y Pancho Villa en Chihuahua, por un grupo armado, presuntamente del crimen organizado, que abri\u00f3 fuego contra los tres veh\u00edculos.<\/p>\n<p class=\"MsoNormal\">El ataque caus\u00f3 la explosi\u00f3n e incendio de uno de los veh\u00edculos y la muerte de 9 de las 14 personas que se trasladaban, las tres mujeres adultas y seis ni\u00f1os, as\u00ed como lesiones de diversos grados al menos a otros seis menores, as\u00ed como una menor inicialmente desaparecida.<\/p>\n<p class=\"MsoNormal\">Desaparecidos y desplazados en el norte<\/p>\n<p class=\"MsoNormal\">Los desplazamientos forzados no son contabilizados oficialmente, pero com\u00fanmente se siguen a la ola de violencia y a la desaparici\u00f3n forzada de los habitantes de los lugares de donde se mueven las familias.<\/p>\n<p class=\"MsoNormal\">Seg\u00fan la informaci\u00f3n oficial, en Sonora, desde 2015 a la fecha se han registrado al menos 4 mil 500 personas desaparecidas, ocupando el sexto lugar a nivel nacional en cuanto al n\u00famero de casos, aunque colectivos de b\u00fasqueda sugieren que la cifra es mucho m\u00e1s alta.<\/p>\n<p class=\"MsoNormal\">El Comit\u00e9 Ciudadano por la Seguridad estima que en los \u00faltimos nueve a\u00f1os han desaparecido cuatro mil 560 hombres y mujeres. En 2021 hubo 191 reportes de personas desaparecidas; en el 2022, el registro es 261 y en 2023 fueron 250, mientras que hasta el 10 de marzo de este 2024 van 35 casos.<\/p>\n<p class=\"MsoNormal\">Oficialmente se dice que s\u00f3lo el 60% de las personas reportadas como desaparecidas no han sido localizadas, en tanto que el 40% han sido encontradas con vida. En ambos casos, los colectivos de buscadoras dicen tener otros datos, ya que los datos oficiales dejan fuera la cifra negra de personas que no son reportadas por sus familias por temor a represalias.<\/p>\n","protected":false},"excerpt":{"rendered":"<p>La l\u00edder de Madres Buscadoras de Sonora y los hermanos LeBar\u00f3n acudieron a Pitiquito, donde la violencia ha ahuyentado a pobladores.<\/p>\n","protected":false},"author":1,"featured_media":964,"comment_status":"open","ping_status":"open","sticky":false,"template":"","format":"standard","meta":{"footnotes":""},"categories":[29],"tags":[],"class_list":["post-417","post","type-post","status-publish","format-standard","has-post-thumbnail","hentry","category-principalsecundaria"],"_links":{"self":[{"href":"https:\/\/elreporterodelacomunidad.com\/index.php\/wp-json\/wp\/v2\/posts\/417","targetHints":{"allow":["GET"]}}],"collection":[{"href":"https:\/\/elreporterodelacomunidad.com\/index.php\/wp-json\/wp\/v2\/posts"}],"about":[{"href":"https:\/\/elreporterodelacomunidad.com\/index.php\/wp-json\/wp\/v2\/types\/post"}],"author":[{"embeddable":true,"href":"https:\/\/elreporterodelacomunidad.com\/index.php\/wp-json\/wp\/v2\/users\/1"}],"replies":[{"embeddable":true,"href":"https:\/\/elreporterodelacomunidad.com\/index.php\/wp-json\/wp\/v2\/comments?post=417"}],"version-history":[{"count":1,"href":"https:\/\/elreporterodelacomunidad.com\/index.php\/wp-json\/wp\/v2\/posts\/417\/revisions"}],"predecessor-version":[{"id":963,"href":"https:\/\/elreporterodelacomunidad.com\/index.php\/wp-json\/wp\/v2\/posts\/417\/revisions\/963"}],"wp:featuredmedia":[{"embeddable":true,"href":"https:\/\/elreporterodelacomunidad.com\/index.php\/wp-json\/wp\/v2\/media\/964"}],"wp:attachment":[{"href":"https:\/\/elreporterodelacomunidad.com\/index.php\/wp-json\/wp\/v2\/media?parent=417"}],"wp:term":[{"taxonomy":"category","embeddable":true,"href":"https:\/\/elreporterodelacomunidad.com\/index.php\/wp-json\/wp\/v2\/categories?post=417"},{"taxonomy":"post_tag","embeddable":true,"href":"https:\/\/elreporterodelacomunidad.com\/index.php\/wp-json\/wp\/v2\/tags?post=417"}],"curies":[{"name":"wp","href":"https:\/\/api.w.org\/{rel}","templated":true}]}}