{"id":4151,"date":"2023-12-09T00:00:00","date_gmt":"2023-12-09T07:00:00","guid":{"rendered":"https:\/\/elreporterodelacomunidad.com\/index.php\/2023\/12\/09\/shohei-ohtani-jugara-para-los-angeles-dodgers-por-700-millones-de-dolares\/"},"modified":"2024-05-18T23:23:42","modified_gmt":"2024-05-19T06:23:42","slug":"shohei-ohtani-jugara-para-los-angeles-dodgers-por-700-millones-de-dolares","status":"publish","type":"post","link":"https:\/\/elreporterodelacomunidad.com\/index.php\/2023\/12\/09\/shohei-ohtani-jugara-para-los-angeles-dodgers-por-700-millones-de-dolares\/","title":{"rendered":"Shohei Ohtani jugar\u00e1 para Los \u00c1ngeles Dodgers por 700 millones de d\u00f3lares"},"content":{"rendered":"<p class=\"MsoNormal\">La novela y el misterio han terminado. Shohei Ohtani se ha convertido en nuevo elemento de Los \u00c1ngeles Dodgers, as\u00ed lo anunci\u00f3 en sus redes sociales.<\/p>\n<p class=\"MsoNormal\">El pelotero japon\u00e9s emiti\u00f3 un mensaje confirmando su incorporaci\u00f3n al equipo angelino, luego de varios d\u00edas de incertidumbre sobre su futuro.<\/p>\n<p class=\"MsoNormal\">Ayer, los rumores eran demasiados sobre su posible arrib\u00f3 con los Toronto Blue Jays; sin embargo, el &#039;androide&#039; ha puesto fin a la novela.<\/p>\n<p class=\"MsoNormal\">A trav\u00e9s de una publicaci\u00f3n en redes sociales, el dos veces Jugador M\u00e1s Valioso de la Liga Americana anunci\u00f3 que se quedar\u00e1 en Los \u00c1ngeles, pero para jugar con los Dodgers. Seg\u00fan reporteros especializados en MLB, el trato ser\u00eda por 700 millones de d\u00f3lares.<\/p>\n<p class=\"MsoNormal\">&#8220;Me comprometo a hacer lo mejor para el equipo y siempre dar la mejor versi\u00f3n de m\u00ed. Quiero seguir esforz\u00e1ndome por m\u00ed y por el mundo del beisbol, hasta el \u00faltimo d\u00eda de mi carrera&#8221;, escribi\u00f3 el estelar japon\u00e9s.<\/p>\n<p class=\"MsoNormal\">Tras seis a\u00f1os en Los \u00c1ngeles Angels, Ohtani se convirti\u00f3 en agente libre al final de esta temporada y ahora ya en nuevo pelotero de Los \u00c1ngeles Dodgers, que sufrieron de pitcheo en la temporada pasada.<\/p>\n<p class=\"MsoNormal\">Con 29 a\u00f1os, el bateador y lanzador, ha sido nombrado dos veces MVP de la Liga Americana (2021 y 2023), novato del a\u00f1o en 2018 y ha sido seleccionado en tres ocasiones al Juego de Estrellas (2021, 2022 y 2023).<\/p>\n","protected":false},"excerpt":{"rendered":"<p>El pelotero japon\u00e9s emiti\u00f3 un mensaje confirmando su incorporaci\u00f3n al equipo angelino, luego de varios d\u00edas de incertidumbre sobre su futuro.<\/p>\n","protected":false},"author":1,"featured_media":4154,"comment_status":"open","ping_status":"open","sticky":false,"template":"","format":"standard","meta":{"footnotes":""},"categories":[29],"tags":[],"class_list":["post-4151","post","type-post","status-publish","format-standard","has-post-thumbnail","hentry","category-principalsecundaria"],"_links":{"self":[{"href":"https:\/\/elreporterodelacomunidad.com\/index.php\/wp-json\/wp\/v2\/posts\/4151","targetHints":{"allow":["GET"]}}],"collection":[{"href":"https:\/\/elreporterodelacomunidad.com\/index.php\/wp-json\/wp\/v2\/posts"}],"about":[{"href":"https:\/\/elreporterodelacomunidad.com\/index.php\/wp-json\/wp\/v2\/types\/post"}],"author":[{"embeddable":true,"href":"https:\/\/elreporterodelacomunidad.com\/index.php\/wp-json\/wp\/v2\/users\/1"}],"replies":[{"embeddable":true,"href":"https:\/\/elreporterodelacomunidad.com\/index.php\/wp-json\/wp\/v2\/comments?post=4151"}],"version-history":[{"count":1,"href":"https:\/\/elreporterodelacomunidad.com\/index.php\/wp-json\/wp\/v2\/posts\/4151\/revisions"}],"predecessor-version":[{"id":4152,"href":"https:\/\/elreporterodelacomunidad.com\/index.php\/wp-json\/wp\/v2\/posts\/4151\/revisions\/4152"}],"wp:featuredmedia":[{"embeddable":true,"href":"https:\/\/elreporterodelacomunidad.com\/index.php\/wp-json\/wp\/v2\/media\/4154"}],"wp:attachment":[{"href":"https:\/\/elreporterodelacomunidad.com\/index.php\/wp-json\/wp\/v2\/media?parent=4151"}],"wp:term":[{"taxonomy":"category","embeddable":true,"href":"https:\/\/elreporterodelacomunidad.com\/index.php\/wp-json\/wp\/v2\/categories?post=4151"},{"taxonomy":"post_tag","embeddable":true,"href":"https:\/\/elreporterodelacomunidad.com\/index.php\/wp-json\/wp\/v2\/tags?post=4151"}],"curies":[{"name":"wp","href":"https:\/\/api.w.org\/{rel}","templated":true}]}}