{"id":413,"date":"2024-04-23T00:00:00","date_gmt":"2024-04-23T07:00:00","guid":{"rendered":"https:\/\/elreporterodelacomunidad.com\/index.php\/2024\/04\/23\/staus-acude-a-la-ciudad-de-mexico-a-entregar-oficio-al-presidente\/"},"modified":"2024-05-18T22:02:59","modified_gmt":"2024-05-19T05:02:59","slug":"staus-acude-a-la-ciudad-de-mexico-a-entregar-oficio-al-presidente","status":"publish","type":"post","link":"https:\/\/elreporterodelacomunidad.com\/index.php\/2024\/04\/23\/staus-acude-a-la-ciudad-de-mexico-a-entregar-oficio-al-presidente\/","title":{"rendered":"Staus acude a la Ciudad de M\u00e9xico a entregar oficio al Presidente"},"content":{"rendered":"<p class=\"MsoNormal\">Integrantes del Comit\u00e9 Ejecutivo y de la Comisi\u00f3n Negociadora del Sindicato de Trabajadores Acad\u00e9micos de la Universidad de Sonora (Staus), acudieron a Palacio Nacional, a entregar un oficio al presidente Andr\u00e9s Manuel L\u00f3pez Obrador, para informarle de la situaci\u00f3n actual de la Revisi\u00f3n Salarial 2024 donde se tiene el emplazamiento de huelga para el 30 de abril.<\/p>\n<p class=\"MsoNormal\">\n<p class=\"MsoNormal\">En entrevista v\u00eda telef\u00f3nica desde el centro del pa\u00eds, el l\u00edder del Staus, Cuauht\u00e9moc Gonz\u00e1lez Valdez se\u00f1al\u00f3 que presentaron al ejecutivo federal la demanda de los acad\u00e9micos del 10% de aumento salarial y 5% en prestaciones, debido a la inflaci\u00f3n.<\/p>\n<p class=\"MsoNormal\">Dijo que esperan que las autoridades analicen y revisen la situaci\u00f3n presupuestal de la instituci\u00f3n y se pueda dar mayor atenci\u00f3n a las demandas de los maestros.<\/p>\n<p class=\"MsoNormal\">Adelant\u00f3 que como parte de sus actividades tambi\u00e9n se tiene previsto para el pr\u00f3ximo jueves una manifestaci\u00f3n en Hermosillo a fin de que la comunidad tenga conocimiento de sus derechos laborales, aunado a que solicitan la comprensi\u00f3n de los alumnos y padres de familia.<\/p>\n<p class=\"MsoNormal\">&#8220;La marcha es partir a las 09:00 horas de la plaza Emiliana de Zubeldia, con rumbo a Isssteson, Palacio de gobierno y una tercer escala en el congreso del estado, como una actividad para promoverla necesidad de que se apoye m\u00e1s a los compa\u00f1eros que est\u00e1n solicitando mayores ingresos\u201d, extern\u00f3.<\/p>\n<p class=\"MsoNormal\">Por su parte el Sindicato de Trabajadores y Empleados de la Universidad de Sonora (Steus), a\u00f1adi\u00f3 que buscan dar respuesta al recurso de nulidad de huelga, el cual fue interpuesto por las autoridades universitarias.<\/p>\n<p class=\"MsoNormal\">Lourdes Rojas, dirigente de los empleados, coment\u00f3 que acudir\u00e1n ante las autoridades laborales para dar respuesta al recurso interpuesto por la Universidad.<\/p>\n<p class=\"MsoNormal\">\u201cNosotros iniciamos la mesa de negociaci\u00f3n con la mejor voluntad pol\u00edtica, llega la Universidad a las mesas sin ning\u00fan ofrecimiento adicional a nuestro movimiento, y aun todav\u00eda queriendo golpetearnos presentando un proceso de nulidad del movimiento de huelga\u201d, expres\u00f3.<\/p>\n<p class=\"MsoNormal\">Ante esa situaci\u00f3n, estableci\u00f3 que los abogados del sindicato ya est\u00e1n atendiendo este tema, en donde se atender\u00e1 la audiencia correspondiente.<\/p>\n<p class=\"MsoNormal\">Record\u00f3 que desde el primer d\u00eda de huelga, la Universidad interpuso recurso de nulidad, lo que en ese momento fue rechazado por el juez laboral.<\/p>\n","protected":false},"excerpt":{"rendered":"<p>Integrantes Staus, acudieron a Palacio Nacional, a entregar un oficio a L\u00f3pez Obrador, para informarle de la situaci\u00f3n actual de la Revisi\u00f3n Salarial 2024&nbsp;<\/p>\n","protected":false},"author":1,"featured_media":955,"comment_status":"open","ping_status":"open","sticky":false,"template":"","format":"standard","meta":{"footnotes":""},"categories":[36],"tags":[],"class_list":["post-413","post","type-post","status-publish","format-standard","has-post-thumbnail","hentry","category-educacion"],"_links":{"self":[{"href":"https:\/\/elreporterodelacomunidad.com\/index.php\/wp-json\/wp\/v2\/posts\/413","targetHints":{"allow":["GET"]}}],"collection":[{"href":"https:\/\/elreporterodelacomunidad.com\/index.php\/wp-json\/wp\/v2\/posts"}],"about":[{"href":"https:\/\/elreporterodelacomunidad.com\/index.php\/wp-json\/wp\/v2\/types\/post"}],"author":[{"embeddable":true,"href":"https:\/\/elreporterodelacomunidad.com\/index.php\/wp-json\/wp\/v2\/users\/1"}],"replies":[{"embeddable":true,"href":"https:\/\/elreporterodelacomunidad.com\/index.php\/wp-json\/wp\/v2\/comments?post=413"}],"version-history":[{"count":1,"href":"https:\/\/elreporterodelacomunidad.com\/index.php\/wp-json\/wp\/v2\/posts\/413\/revisions"}],"predecessor-version":[{"id":954,"href":"https:\/\/elreporterodelacomunidad.com\/index.php\/wp-json\/wp\/v2\/posts\/413\/revisions\/954"}],"wp:featuredmedia":[{"embeddable":true,"href":"https:\/\/elreporterodelacomunidad.com\/index.php\/wp-json\/wp\/v2\/media\/955"}],"wp:attachment":[{"href":"https:\/\/elreporterodelacomunidad.com\/index.php\/wp-json\/wp\/v2\/media?parent=413"}],"wp:term":[{"taxonomy":"category","embeddable":true,"href":"https:\/\/elreporterodelacomunidad.com\/index.php\/wp-json\/wp\/v2\/categories?post=413"},{"taxonomy":"post_tag","embeddable":true,"href":"https:\/\/elreporterodelacomunidad.com\/index.php\/wp-json\/wp\/v2\/tags?post=413"}],"curies":[{"name":"wp","href":"https:\/\/api.w.org\/{rel}","templated":true}]}}