{"id":4119,"date":"2023-12-10T00:00:00","date_gmt":"2023-12-10T07:00:00","guid":{"rendered":"https:\/\/elreporterodelacomunidad.com\/index.php\/2023\/12\/10\/muere-la-mama-de-joaquin-el-chapo-guzman\/"},"modified":"2024-05-18T23:23:10","modified_gmt":"2024-05-19T06:23:10","slug":"muere-la-mama-de-joaquin-el-chapo-guzman","status":"publish","type":"post","link":"https:\/\/elreporterodelacomunidad.com\/index.php\/2023\/12\/10\/muere-la-mama-de-joaquin-el-chapo-guzman\/","title":{"rendered":"Muere la mam\u00e1 de Joaqu\u00edn &#039;El Chapo&#039; Guzm\u00e1n"},"content":{"rendered":"<p class=\"MsoNormal\">Consuelo Loera P\u00e9rez, mam\u00e1 de Joaqu\u00edn \u201cEl Chapo\u201d Guzm\u00e1n, ex l\u00edder del C\u00e1rtel de Sinaloa, muri\u00f3 este domingo a los 94 a\u00f1os de edad.<\/p>\n<p class=\"MsoNormal\">La madre del narcotraficante se encontraba en un hospital privado de Culiac\u00e1n, Sinaloa, donde falleci\u00f3, de acuerdo a medios locales. <\/p>\n<p class=\"MsoNormal\">En 2021 la se\u00f1ora Consuelo Loera fue diagnosticada con covid-19, enfermedad que logr\u00f3 superar.<\/p>\n<p class=\"MsoNormal\">Al enfrentarse al covid-19, la mam\u00e1 de &#8220;El Chapo&#8221; tuvo que someterse a un aislamiento preventivo, as\u00ed como a un tratamiento que le ayudara a controlar la infecci\u00f3n.<\/p>\n<p class=\"MsoNormal\">Luego de tres semanas de aislamiento, Consuelo Loera logr\u00f3 recuperarse.<\/p>\n<p class=\"MsoNormal\">En tanto, su hijo \u201cEl Chapo\u201d Guzm\u00e1n paga una condena perpetua en una c\u00e1rcel de m\u00e1xima seguridad en los Estados Unidos.<\/p>\n","protected":false},"excerpt":{"rendered":"<p>Consuelo Loera P\u00e9rez, mam\u00e1 de &#8220;El Chapo&#8221;, falleci\u00f3 en un hospital privado de Culiac\u00e1n, Sinaloa.<\/p>\n","protected":false},"author":1,"featured_media":4121,"comment_status":"open","ping_status":"open","sticky":false,"template":"","format":"standard","meta":{"footnotes":""},"categories":[29],"tags":[],"class_list":["post-4119","post","type-post","status-publish","format-standard","has-post-thumbnail","hentry","category-principalsecundaria"],"_links":{"self":[{"href":"https:\/\/elreporterodelacomunidad.com\/index.php\/wp-json\/wp\/v2\/posts\/4119","targetHints":{"allow":["GET"]}}],"collection":[{"href":"https:\/\/elreporterodelacomunidad.com\/index.php\/wp-json\/wp\/v2\/posts"}],"about":[{"href":"https:\/\/elreporterodelacomunidad.com\/index.php\/wp-json\/wp\/v2\/types\/post"}],"author":[{"embeddable":true,"href":"https:\/\/elreporterodelacomunidad.com\/index.php\/wp-json\/wp\/v2\/users\/1"}],"replies":[{"embeddable":true,"href":"https:\/\/elreporterodelacomunidad.com\/index.php\/wp-json\/wp\/v2\/comments?post=4119"}],"version-history":[{"count":1,"href":"https:\/\/elreporterodelacomunidad.com\/index.php\/wp-json\/wp\/v2\/posts\/4119\/revisions"}],"predecessor-version":[{"id":4120,"href":"https:\/\/elreporterodelacomunidad.com\/index.php\/wp-json\/wp\/v2\/posts\/4119\/revisions\/4120"}],"wp:featuredmedia":[{"embeddable":true,"href":"https:\/\/elreporterodelacomunidad.com\/index.php\/wp-json\/wp\/v2\/media\/4121"}],"wp:attachment":[{"href":"https:\/\/elreporterodelacomunidad.com\/index.php\/wp-json\/wp\/v2\/media?parent=4119"}],"wp:term":[{"taxonomy":"category","embeddable":true,"href":"https:\/\/elreporterodelacomunidad.com\/index.php\/wp-json\/wp\/v2\/categories?post=4119"},{"taxonomy":"post_tag","embeddable":true,"href":"https:\/\/elreporterodelacomunidad.com\/index.php\/wp-json\/wp\/v2\/tags?post=4119"}],"curies":[{"name":"wp","href":"https:\/\/api.w.org\/{rel}","templated":true}]}}