{"id":402,"date":"2024-04-24T00:00:00","date_gmt":"2024-04-24T07:00:00","guid":{"rendered":"https:\/\/elreporterodelacomunidad.com\/index.php\/2024\/04\/24\/autoridades-investigan-incursion-de-comando-armado-al-saric\/"},"modified":"2024-05-18T22:02:22","modified_gmt":"2024-05-19T05:02:22","slug":"autoridades-investigan-incursion-de-comando-armado-al-saric","status":"publish","type":"post","link":"https:\/\/elreporterodelacomunidad.com\/index.php\/2024\/04\/24\/autoridades-investigan-incursion-de-comando-armado-al-saric\/","title":{"rendered":"Autoridades investigan incursi\u00f3n de comando armado al S\u00e1ric"},"content":{"rendered":"<p class=\"MsoNormal\">La Mesa de Seguridad de Sonora investiga el presunto ingreso de un comando armado a la zona de El S\u00e1sabe en la regi\u00f3n de El S\u00e1ric, Sonora, tras un video que circul\u00f3 en redes sociales donde se ven personas uniformadas y armadas, junto a veh\u00edculos diversos.<\/p>\n<p class=\"MsoNormal\">\n<p class=\"MsoNormal\">La versi\u00f3n que se investiga es la que refiere se trata de un grupo armado que regres\u00f3 a la zona despu\u00e9s de haber emboscado a militares el pasado lunes, donde el saldo fue de un militar abatido y otro herido por los delincuentes.<\/p>\n<p class=\"MsoNormal\">A trav\u00e9s de un comunicado oficial, la Mesa de Seguridad estableci\u00f3 que no se cuenta con informaci\u00f3n que confirme cuando o donde se filmo el video, adem\u00e1s de que elementos de diferentes corporaciones se encuentran en la zona sin registro de incidentes.<\/p>\n<p class=\"MsoNormal\">\u201cActualmente no se tiene reporte al n\u00famero de emergencias 9-1-1, as\u00ed como de otras instituciones de seguridad de los tres niveles de gobierno, sobre un grupo armado que irrumpi\u00f3 a la poblaci\u00f3n del municipio antes mencionado\u201d, indica el comunicado.<\/p>\n<p class=\"MsoNormal\">Precis\u00f3 que la Unidad de Inteligencia de la Secretar\u00eda de Seguridad P\u00fablica se encuentra verificando la temporalidad y el lugar del video que circula en redes.<\/p>\n<p class=\"MsoNormal\">Cabe recordar que la tarde del lunes 20 de abril, militares que realizaban operativos en el municipio de Saric, fueron emboscados por hombres armados, donde un militar perteneciente al Cuarto Batall\u00f3n de Infanter\u00eda con sede en el fronterizo municipio de Sonoyta muri\u00f3 y otro m\u00e1s result\u00f3 herido.<\/p>\n<p class=\"MsoNormal\">Tras estos hechos, horas despu\u00e9s, los criminales incendiaron una pipa con material inflamable en la carretera de Sonoyta, mientras que en San Luis R\u00edo Colorado varias personas fueron asesinadas.<\/p>\n<p class=\"MsoNormal\">De acuerdo a los testigos, los agresores huyeron a bordo de veh\u00edculos rotulados con una insignia de bola de billar con el n\u00famero 8.<\/p>\n<p class=\"MsoNormal\">Los civiles armados atravesaron primero un tr\u00e1iler sobre la carretera Sonoyta-San Luis R\u00edo Colorado cuando se enfrentaron a militares y luego por la madrugada del martes 23 de abril, en la misma carretera, una pipa cargada de material inflamable fue incendiada por hombres armados, lo que caus\u00f3 el cierre de la carretera por varias horas.<\/p>\n","protected":false},"excerpt":{"rendered":"<p>Se trata de un grupo armado que regres\u00f3 a la zona despu\u00e9s de haber emboscado a militares el pasado lunes, donde el saldo fue de un militar abatido y otro herido.<\/p>\n","protected":false},"author":1,"featured_media":932,"comment_status":"open","ping_status":"open","sticky":false,"template":"","format":"standard","meta":{"footnotes":""},"categories":[32],"tags":[],"class_list":["post-402","post","type-post","status-publish","format-standard","has-post-thumbnail","hentry","category-policiaca"],"_links":{"self":[{"href":"https:\/\/elreporterodelacomunidad.com\/index.php\/wp-json\/wp\/v2\/posts\/402","targetHints":{"allow":["GET"]}}],"collection":[{"href":"https:\/\/elreporterodelacomunidad.com\/index.php\/wp-json\/wp\/v2\/posts"}],"about":[{"href":"https:\/\/elreporterodelacomunidad.com\/index.php\/wp-json\/wp\/v2\/types\/post"}],"author":[{"embeddable":true,"href":"https:\/\/elreporterodelacomunidad.com\/index.php\/wp-json\/wp\/v2\/users\/1"}],"replies":[{"embeddable":true,"href":"https:\/\/elreporterodelacomunidad.com\/index.php\/wp-json\/wp\/v2\/comments?post=402"}],"version-history":[{"count":1,"href":"https:\/\/elreporterodelacomunidad.com\/index.php\/wp-json\/wp\/v2\/posts\/402\/revisions"}],"predecessor-version":[{"id":931,"href":"https:\/\/elreporterodelacomunidad.com\/index.php\/wp-json\/wp\/v2\/posts\/402\/revisions\/931"}],"wp:featuredmedia":[{"embeddable":true,"href":"https:\/\/elreporterodelacomunidad.com\/index.php\/wp-json\/wp\/v2\/media\/932"}],"wp:attachment":[{"href":"https:\/\/elreporterodelacomunidad.com\/index.php\/wp-json\/wp\/v2\/media?parent=402"}],"wp:term":[{"taxonomy":"category","embeddable":true,"href":"https:\/\/elreporterodelacomunidad.com\/index.php\/wp-json\/wp\/v2\/categories?post=402"},{"taxonomy":"post_tag","embeddable":true,"href":"https:\/\/elreporterodelacomunidad.com\/index.php\/wp-json\/wp\/v2\/tags?post=402"}],"curies":[{"name":"wp","href":"https:\/\/api.w.org\/{rel}","templated":true}]}}