{"id":4012,"date":"2023-12-14T00:00:00","date_gmt":"2023-12-14T07:00:00","guid":{"rendered":"https:\/\/elreporterodelacomunidad.com\/index.php\/2023\/12\/14\/reconoce-tono-astiazaran-a-personal-de-agua-de-hermosillo\/"},"modified":"2023-12-14T00:00:00","modified_gmt":"2023-12-14T07:00:00","slug":"reconoce-tono-astiazaran-a-personal-de-agua-de-hermosillo","status":"publish","type":"post","link":"https:\/\/elreporterodelacomunidad.com\/index.php\/2023\/12\/14\/reconoce-tono-astiazaran-a-personal-de-agua-de-hermosillo\/","title":{"rendered":"Reconoce To\u00f1o Astiazar\u00e1n a personal de Agua de Hermosillo"},"content":{"rendered":"<div>El Presidente Municipal, Antonio Astiazar\u00e1n Guti\u00e9rrez, entreg\u00f3 reconocimientos a personal de Agua de Hermosillo que cumpli\u00f3 20, 25, 30 y 35 a\u00f1os de laborales, a quienes felicit\u00f3 por su dedicaci\u00f3n y entrega en tan importante \u00e1rea para la ciudad.<\/div>\n<div><\/div>\n<div>Resalt\u00f3 el trabajo que realizan en buena parte de su vida y \u201custedes van a estar aqu\u00ed y van a seguir trabajando por la ciudad m\u00e1s all\u00e1 de las administraciones municipales, por eso como autoridad siempre que me invitan a este este tipo de reconocimientos lo hago con mucho cari\u00f1o y mucho gusto\u201d.<\/div>\n<div><\/div>\n<div>Sobre todo, dijo To\u00f1o Astiazar\u00e1n, siente mucha gratitud, porque se imagina las horas de desvelo, de sacrificio y de esfuerzo que est\u00e1n atr\u00e1s de estos 20 25, 30 y 35 a\u00f1os de servicio; por lo que, adem\u00e1s, agradeci\u00f3 el apoyo de las familias de las y los 61 trabajadores reconocidos.<\/div>\n<div><\/div>\n<div>\u201cLes quiero decir a nombre de mi esposa Paty y de un servidor, de veras, de todo cari\u00f1o, muchas gracias, les deseo lo mejor a todas y todos ustedes durante estos d\u00edas esta Navidad que est\u00e9 llena de salud, de felicidad, de armon\u00eda y que sea un 2024 lleno de \u00e9xitos y de realizaciones\u201d, expres\u00f3.<\/div>\n<div><\/div>\n<div>El director del organismo operador, Renato Ulloa Valdez, dijo estar muy orgulloso del personal homenajeado porque su permanencia es el mejor modelo para servir con la camiseta bien puesta dentro de Agua de Hermosillo.<\/div>\n<div><\/div>\n<div>\u201cEste esp\u00edritu de mejoramiento continuo que se aprecia en todas y cada una de las personas del organismo operador tambi\u00e9n nos ha permitido alcanzar otro gran logro que Agua Hermosillo sido recomendada para obtener la certificaci\u00f3n ISO 9000- 2015 por la empresa certificadora\u201d, expuso.<\/div>\n<div><\/div>\n<div>A nombre de las y los reconocidos, Mar\u00eda de los \u00c1ngeles Portillo C\u00e1rdenas, coment\u00f3 que han formado una gran familia, cuyos integrantes agradecen mucho el apoyo de sus directores y de To\u00f1o Astiazar\u00e1n para continuar con el desarrollo de sus habilidades.<\/div>\n<div><\/div>\n<div>Al evento asistieron Mar\u00eda de Guadalupe Olvera Tapia, directora de Recursos Humanos de la paramunicipal; Eduardo Mart\u00ednez Ram\u00edrez, gerente de Asuntos Sindicales y Laborales;&nbsp; Rosa Isela Mart\u00ednez, secretaria del sindicato de Trabajadores de Agua de Hermosillo; y en representaci\u00f3n del Sindicato \u00danico de Trabajadores al Servicio de los Poderes del Estado de Sonora (Sutspes), Cristina Quiroga.<\/div>\n","protected":false},"excerpt":{"rendered":"<p>A quienes cumplieron 20, 25, 30 y 35 a\u00f1os de servicio.<\/p>\n","protected":false},"author":1,"featured_media":4013,"comment_status":"open","ping_status":"open","sticky":false,"template":"","format":"standard","meta":{"footnotes":""},"categories":[29],"tags":[],"class_list":["post-4012","post","type-post","status-publish","format-standard","has-post-thumbnail","hentry","category-principalsecundaria"],"_links":{"self":[{"href":"https:\/\/elreporterodelacomunidad.com\/index.php\/wp-json\/wp\/v2\/posts\/4012","targetHints":{"allow":["GET"]}}],"collection":[{"href":"https:\/\/elreporterodelacomunidad.com\/index.php\/wp-json\/wp\/v2\/posts"}],"about":[{"href":"https:\/\/elreporterodelacomunidad.com\/index.php\/wp-json\/wp\/v2\/types\/post"}],"author":[{"embeddable":true,"href":"https:\/\/elreporterodelacomunidad.com\/index.php\/wp-json\/wp\/v2\/users\/1"}],"replies":[{"embeddable":true,"href":"https:\/\/elreporterodelacomunidad.com\/index.php\/wp-json\/wp\/v2\/comments?post=4012"}],"version-history":[{"count":0,"href":"https:\/\/elreporterodelacomunidad.com\/index.php\/wp-json\/wp\/v2\/posts\/4012\/revisions"}],"wp:featuredmedia":[{"embeddable":true,"href":"https:\/\/elreporterodelacomunidad.com\/index.php\/wp-json\/wp\/v2\/media\/4013"}],"wp:attachment":[{"href":"https:\/\/elreporterodelacomunidad.com\/index.php\/wp-json\/wp\/v2\/media?parent=4012"}],"wp:term":[{"taxonomy":"category","embeddable":true,"href":"https:\/\/elreporterodelacomunidad.com\/index.php\/wp-json\/wp\/v2\/categories?post=4012"},{"taxonomy":"post_tag","embeddable":true,"href":"https:\/\/elreporterodelacomunidad.com\/index.php\/wp-json\/wp\/v2\/tags?post=4012"}],"curies":[{"name":"wp","href":"https:\/\/api.w.org\/{rel}","templated":true}]}}