{"id":3984,"date":"2023-12-17T00:00:00","date_gmt":"2023-12-17T07:00:00","guid":{"rendered":"https:\/\/elreporterodelacomunidad.com\/index.php\/2023\/12\/17\/masacre-en-salvatierra-difunden-foto-de-victimas-momentos-antes-del-ataque-armado-durante-posada\/"},"modified":"2023-12-17T00:00:00","modified_gmt":"2023-12-17T07:00:00","slug":"masacre-en-salvatierra-difunden-foto-de-victimas-momentos-antes-del-ataque-armado-durante-posada","status":"publish","type":"post","link":"https:\/\/elreporterodelacomunidad.com\/index.php\/2023\/12\/17\/masacre-en-salvatierra-difunden-foto-de-victimas-momentos-antes-del-ataque-armado-durante-posada\/","title":{"rendered":"Masacre en Salvatierra: Difunden foto de v\u00edctimas momentos antes del ataque armado durante posada"},"content":{"rendered":"<p class=\"MsoNormal\">El gobierno de Salvatierra inform\u00f3 por la ma\u00f1ana que las v\u00edctimas ten\u00edan entre 17 y 30 a\u00f1os. En un primer reporte se manejaron 11 muertos y 12 m\u00e1s heridos, que fueron trasladados al hospital de la localidad.<\/p>\n<p class=\"MsoNormal\">Luego de que la madrugada de este domingo se reportara un ataque armado en contra de civiles que se encontraban disfrutando de una posada en el municipio de Salvatierra, Guanajuato, en redes sociales se ha difundido una foto de las v\u00edctimas momentos antes del ataque.<\/p>\n<p class=\"MsoNormal\">De acuerdo con reportes preliminares, los hechos se registraron alrededor de las 2:00 de la ma\u00f1ana, cuando vecinos denunciaron al 911 las detonaciones de arma de fuego en un sal\u00f3n de fiestas, a manos de un grupo de hombres armados.<\/p>\n<p class=\"MsoNormal\">El gobierno municipal de Salvatierra, confirm\u00f3 hasta la ma\u00f1ana de hoy el asesinato de al menos 12 personas y 11 m\u00e1s lesionados.<\/p>\n<p class=\"MsoNormal\">Las v\u00edctimas habr\u00edan quedado regadas en el piso, entre ellas varias mujeres y j\u00f3venes, que conviv\u00edan al momento en que los agresores ingresaron al inmueble.<\/p>\n<p class=\"MsoNormal\">Autoridades reportaron que tras el atentado, las personas lesionadas fueron atendidas y trasladadas a hospitales de Salvatierra y Celaya, en donde elementos de seguridad montaron una guardia.<\/p>\n<p class=\"MsoNormal\">La \u00faltima foto de v\u00edctimas de masacre en posada de Salvatierra<\/p>\n<p class=\"MsoNormal\">No obstante, en redes sociales se difundi\u00f3 la que habr\u00eda sido la \u00faltima foto tomada durante el evento antes de que el letal ataque interrumpiera la celebraci\u00f3n.<\/p>\n<p class=\"MsoNormal\">En la foto se observa a m\u00e1s de 40 j\u00f3venes. Hasta el momento las autoridadesno han brindado detalles sobre el n\u00famero total de asistentes.<\/p>\n<p class=\"MsoNormal\">En dicha imagen se muestra a un grupo de j\u00f3venes pasando una agradable reuni\u00f3n entre amigos y familiares, sin embargo, momentos despu\u00e9s autoridades dieron a conocer el saldo del atentado.<\/p>\n<p class=\"MsoNormal\">Por su parte, el alcalde de Salvatierra, Germ\u00e1n Cervantes Vega, a trav\u00e9s de sus redes sociales, lamento los hechos ocurridos \u201cdurante la ma\u00f1ana\u201d, de hoy y envi\u00f3 sus oraciones a las familias de las v\u00edctimas.<\/p>\n<p class=\"MsoNormal\">&#8220;Estamos en completa disposici\u00f3n y coordinaci\u00f3n con la Fiscal\u00eda General de Justicia del Estado para el pronto esclarecimiento y la detenci\u00f3n de los responsables. Mis oraciones y las de mi familia est\u00e1n con los familiares de las v\u00edctimas\u201d, se lee una publicaci\u00f3n de Facebook.<\/p>\n","protected":false},"excerpt":{"rendered":"<p>La Fiscal\u00eda General del Estado de Guanajuato precis\u00f3 que fueron 12 los j\u00f3venes asesinados en la Ex Hacienda de San Jos\u00e9 del Carmen por un comando que irrumpi\u00f3 en una posada. En el lugar, tambi\u00e9n fueron incendiados dos veh\u00edculos y dos motocicletas.<\/p>\n","protected":false},"author":1,"featured_media":3985,"comment_status":"open","ping_status":"open","sticky":false,"template":"","format":"standard","meta":{"footnotes":""},"categories":[29],"tags":[],"class_list":["post-3984","post","type-post","status-publish","format-standard","has-post-thumbnail","hentry","category-principalsecundaria"],"_links":{"self":[{"href":"https:\/\/elreporterodelacomunidad.com\/index.php\/wp-json\/wp\/v2\/posts\/3984","targetHints":{"allow":["GET"]}}],"collection":[{"href":"https:\/\/elreporterodelacomunidad.com\/index.php\/wp-json\/wp\/v2\/posts"}],"about":[{"href":"https:\/\/elreporterodelacomunidad.com\/index.php\/wp-json\/wp\/v2\/types\/post"}],"author":[{"embeddable":true,"href":"https:\/\/elreporterodelacomunidad.com\/index.php\/wp-json\/wp\/v2\/users\/1"}],"replies":[{"embeddable":true,"href":"https:\/\/elreporterodelacomunidad.com\/index.php\/wp-json\/wp\/v2\/comments?post=3984"}],"version-history":[{"count":0,"href":"https:\/\/elreporterodelacomunidad.com\/index.php\/wp-json\/wp\/v2\/posts\/3984\/revisions"}],"wp:featuredmedia":[{"embeddable":true,"href":"https:\/\/elreporterodelacomunidad.com\/index.php\/wp-json\/wp\/v2\/media\/3985"}],"wp:attachment":[{"href":"https:\/\/elreporterodelacomunidad.com\/index.php\/wp-json\/wp\/v2\/media?parent=3984"}],"wp:term":[{"taxonomy":"category","embeddable":true,"href":"https:\/\/elreporterodelacomunidad.com\/index.php\/wp-json\/wp\/v2\/categories?post=3984"},{"taxonomy":"post_tag","embeddable":true,"href":"https:\/\/elreporterodelacomunidad.com\/index.php\/wp-json\/wp\/v2\/tags?post=3984"}],"curies":[{"name":"wp","href":"https:\/\/api.w.org\/{rel}","templated":true}]}}