{"id":397,"date":"2024-04-24T00:00:00","date_gmt":"2024-04-24T07:00:00","guid":{"rendered":"https:\/\/elreporterodelacomunidad.com\/index.php\/2024\/04\/24\/llega-reciclase-a-la-secundaria-tecnica-estatal-no-15-profesor-alberto-cruz-hoyos\/"},"modified":"2024-05-18T22:02:07","modified_gmt":"2024-05-19T05:02:07","slug":"llega-reciclase-a-la-secundaria-tecnica-estatal-no-15-profesor-alberto-cruz-hoyos","status":"publish","type":"post","link":"https:\/\/elreporterodelacomunidad.com\/index.php\/2024\/04\/24\/llega-reciclase-a-la-secundaria-tecnica-estatal-no-15-profesor-alberto-cruz-hoyos\/","title":{"rendered":"Llega RECICLASE a la Secundaria T\u00e9cnica Estatal No. 15 Profesor Alberto Cruz Hoyos"},"content":{"rendered":"<p>Alumnas y alumnos de la secundaria de Hermosillo vivieron una ma\u00f1ana de algarab\u00eda y concientizaci\u00f3n sobre el cuidado del planeta a trav\u00e9s del reciclaje, el uso adecuado del agua y alertas en materia de seguridad.<br style=\"color: rgb(36, 36, 36); font-family: &quot;Segoe UI&quot;, &quot;Segoe UI Web (West European)&quot;, &quot;Segoe UI&quot;, -apple-system, BlinkMacSystemFont, Roboto, &quot;Helvetica Neue&quot;, sans-serif; font-size: 15px; background-color: rgb(255, 255, 255);\"><br style=\"color: rgb(36, 36, 36); font-family: &quot;Segoe UI&quot;, &quot;Segoe UI Web (West European)&quot;, &quot;Segoe UI&quot;, -apple-system, BlinkMacSystemFont, Roboto, &quot;Helvetica Neue&quot;, sans-serif; font-size: 15px; background-color: rgb(255, 255, 255);\">La instrucci\u00f3n y la indicaci\u00f3n a todos y cada uno de los funcionarios y las funcionarias del Ayuntamiento es que no bajen la guardia, al contrario, que redoblen los esfuerzos en todas las \u00e1reas, se enfatiz\u00f3 por autoridades municipales en esta ocasi\u00f3n. &nbsp;<br style=\"color: rgb(36, 36, 36); font-family: &quot;Segoe UI&quot;, &quot;Segoe UI Web (West European)&quot;, &quot;Segoe UI&quot;, -apple-system, BlinkMacSystemFont, Roboto, &quot;Helvetica Neue&quot;, sans-serif; font-size: 15px; background-color: rgb(255, 255, 255);\"><br style=\"color: rgb(36, 36, 36); font-family: &quot;Segoe UI&quot;, &quot;Segoe UI Web (West European)&quot;, &quot;Segoe UI&quot;, -apple-system, BlinkMacSystemFont, Roboto, &quot;Helvetica Neue&quot;, sans-serif; font-size: 15px; background-color: rgb(255, 255, 255);\">Por parte de la comunidad escolar, la directora de la Secundaria T\u00e9cnica Estatal 15, Roc\u00edo Ecelia Rangel Ru\u00edz, dio la bienvenida a las y los visitantes que acudieron a ratificar el respaldo a la cultura del reciclaje y al objetivo de un ambiente limpio para quienes residen en Hermosillo.<br style=\"color: rgb(36, 36, 36); font-family: &quot;Segoe UI&quot;, &quot;Segoe UI Web (West European)&quot;, &quot;Segoe UI&quot;, -apple-system, BlinkMacSystemFont, Roboto, &quot;Helvetica Neue&quot;, sans-serif; font-size: 15px; background-color: rgb(255, 255, 255);\"><br style=\"color: rgb(36, 36, 36); font-family: &quot;Segoe UI&quot;, &quot;Segoe UI Web (West European)&quot;, &quot;Segoe UI&quot;, -apple-system, BlinkMacSystemFont, Roboto, &quot;Helvetica Neue&quot;, sans-serif; font-size: 15px; background-color: rgb(255, 255, 255);\">Agradeci\u00f3 el compromiso del Ayuntamiento con un entorno seguro para la juventud hermosillense y confirm\u00f3 el \u00e1nimo de colaboraci\u00f3n de este plantel con todo aquello que beneficie a la comunidad.<br style=\"color: rgb(36, 36, 36); font-family: &quot;Segoe UI&quot;, &quot;Segoe UI Web (West European)&quot;, &quot;Segoe UI&quot;, -apple-system, BlinkMacSystemFont, Roboto, &quot;Helvetica Neue&quot;, sans-serif; font-size: 15px; background-color: rgb(255, 255, 255);\"><br style=\"color: rgb(36, 36, 36); font-family: &quot;Segoe UI&quot;, &quot;Segoe UI Web (West European)&quot;, &quot;Segoe UI&quot;, -apple-system, BlinkMacSystemFont, Roboto, &quot;Helvetica Neue&quot;, sans-serif; font-size: 15px; background-color: rgb(255, 255, 255);\">Tambi\u00e9n el apoyo para que opere en sus instalaciones una estaci\u00f3n de reciclaje en la que el estudiantado depositar\u00e1 los desechos una vez clasificados y el contenedor que facilitar\u00e1 una correcta disposici\u00f3n de los desperdicios.<br style=\"color: rgb(36, 36, 36); font-family: &quot;Segoe UI&quot;, &quot;Segoe UI Web (West European)&quot;, &quot;Segoe UI&quot;, -apple-system, BlinkMacSystemFont, Roboto, &quot;Helvetica Neue&quot;, sans-serif; font-size: 15px; background-color: rgb(255, 255, 255);\"><br style=\"color: rgb(36, 36, 36); font-family: &quot;Segoe UI&quot;, &quot;Segoe UI Web (West European)&quot;, &quot;Segoe UI&quot;, -apple-system, BlinkMacSystemFont, Roboto, &quot;Helvetica Neue&quot;, sans-serif; font-size: 15px; background-color: rgb(255, 255, 255);\">En el marco de este encuentro el alumno Juan Manuel Ruiz L\u00f3pez recibi\u00f3 reconocimientos a nombre propio y de sus compa\u00f1eros que han destacado en disciplinas deportivas como taekwondo, softbol, b\u00e9isbol y nataci\u00f3n, y la alumna \u00c1ngela Nicol Castillo Valle los recibi\u00f3 por parte de quienes obtuvieron una importante certificaci\u00f3n en el idioma Ingl\u00e9s.<\/p>\n","protected":false},"excerpt":{"rendered":"<p>Una ceremonia c\u00edvica antecedi\u00f3 a las pl\u00e1ticas de reforzamiento de la cultura del reciclaje y sobre seguridad preventiva para j\u00f3venes.<\/p>\n","protected":false},"author":1,"featured_media":922,"comment_status":"open","ping_status":"open","sticky":false,"template":"","format":"standard","meta":{"footnotes":""},"categories":[36],"tags":[],"class_list":["post-397","post","type-post","status-publish","format-standard","has-post-thumbnail","hentry","category-educacion"],"_links":{"self":[{"href":"https:\/\/elreporterodelacomunidad.com\/index.php\/wp-json\/wp\/v2\/posts\/397","targetHints":{"allow":["GET"]}}],"collection":[{"href":"https:\/\/elreporterodelacomunidad.com\/index.php\/wp-json\/wp\/v2\/posts"}],"about":[{"href":"https:\/\/elreporterodelacomunidad.com\/index.php\/wp-json\/wp\/v2\/types\/post"}],"author":[{"embeddable":true,"href":"https:\/\/elreporterodelacomunidad.com\/index.php\/wp-json\/wp\/v2\/users\/1"}],"replies":[{"embeddable":true,"href":"https:\/\/elreporterodelacomunidad.com\/index.php\/wp-json\/wp\/v2\/comments?post=397"}],"version-history":[{"count":1,"href":"https:\/\/elreporterodelacomunidad.com\/index.php\/wp-json\/wp\/v2\/posts\/397\/revisions"}],"predecessor-version":[{"id":921,"href":"https:\/\/elreporterodelacomunidad.com\/index.php\/wp-json\/wp\/v2\/posts\/397\/revisions\/921"}],"wp:featuredmedia":[{"embeddable":true,"href":"https:\/\/elreporterodelacomunidad.com\/index.php\/wp-json\/wp\/v2\/media\/922"}],"wp:attachment":[{"href":"https:\/\/elreporterodelacomunidad.com\/index.php\/wp-json\/wp\/v2\/media?parent=397"}],"wp:term":[{"taxonomy":"category","embeddable":true,"href":"https:\/\/elreporterodelacomunidad.com\/index.php\/wp-json\/wp\/v2\/categories?post=397"},{"taxonomy":"post_tag","embeddable":true,"href":"https:\/\/elreporterodelacomunidad.com\/index.php\/wp-json\/wp\/v2\/tags?post=397"}],"curies":[{"name":"wp","href":"https:\/\/api.w.org\/{rel}","templated":true}]}}