{"id":392,"date":"2024-04-25T00:00:00","date_gmt":"2024-04-25T07:00:00","guid":{"rendered":"https:\/\/elreporterodelacomunidad.com\/index.php\/2024\/04\/25\/detienen-a-hombre-y-decomisan-13-kilos-de-fentanilo-en-operativo-en-hermosillo\/"},"modified":"2024-05-18T22:01:57","modified_gmt":"2024-05-19T05:01:57","slug":"detienen-a-hombre-y-decomisan-13-kilos-de-fentanilo-en-operativo-en-hermosillo","status":"publish","type":"post","link":"https:\/\/elreporterodelacomunidad.com\/index.php\/2024\/04\/25\/detienen-a-hombre-y-decomisan-13-kilos-de-fentanilo-en-operativo-en-hermosillo\/","title":{"rendered":"Detienen a hombre y decomisan 13 kilos de fentanilo en operativo en Hermosillo"},"content":{"rendered":"<p class=\"MsoNormal\">En un operativo conjunto entre autoridades de los tres niveles de gobierno que conforman la Mesa Estatal de Seguridad en Sonora, se logr\u00f3 la detenci\u00f3n de un individuo y el decomiso de una importante cantidad de fentanilo en polvo y tabletas, as\u00ed como de veh\u00edculos.<\/p>\n<p class=\"MsoNormal\">\n<p class=\"MsoNormal\">Agentes de la Polic\u00eda Federal Ministerial llevaron a cabo la detenci\u00f3n de H\u00e9ctor Ricardo \u201cN\u201d, en la carretera 36 norte, con destino a Puerto Libertad, espec\u00edficamente en el kil\u00f3metro 49+800, cerca del puente Bacoachi.<\/p>\n<p class=\"MsoNormal\">La acci\u00f3n se llev\u00f3 a cabo tras una denuncia ciudadana. Durante la inspecci\u00f3n de un tracto cami\u00f3n de la marca Pe\u00f1a Motors, se encontraron doce paquetes de polvo blanco con la inscripci\u00f3n \u201c55? en un compartimiento oculto en el camarote, debajo de la cama, y una bolsa conteniendo tabletas de color azul detr\u00e1s del tablero de mando.<\/p>\n<p class=\"MsoNormal\">Tanto la persona detenida como la droga asegurada fueron puestas a disposici\u00f3n del Ministerio P\u00fablico Federal para llevar a cabo las investigaciones correspondientes.<\/p>\n<p class=\"MsoNormal\">Fentanilo, una droga peligrosa<\/p>\n<p class=\"MsoNormal\">El fentanilo es una droga sint\u00e9tica extremadamente potente, cuyo uso inadecuado puede tener consecuencias fatales. El decomiso de esta cantidad significativa de fentanilo representa un golpe importante al narcotr\u00e1fico en la regi\u00f3n, de acuerdo con la Mesa Estatal de Seguridad.<\/p>\n<p class=\"MsoNormal\">Este operativo es parte de una serie de acciones continuas para combatir el narcotr\u00e1fico y garantizar la seguridad de la poblaci\u00f3n en el estado de Sonora. Las autoridades mantendr\u00e1n su compromiso en esta lucha constante contra el crimen organizado.<\/p>\n<p class=\"MsoNormal\">Se espera que las autoridades contin\u00faen brindando informaci\u00f3n sobre el desarrollo de las investigaciones y cualquier avance relevante relacionado con este caso en particular.<\/p>\n","protected":false},"excerpt":{"rendered":"<p>Tanto la persona detenida como la droga asegurada fueron puestas a disposici\u00f3n del Ministerio P\u00fablico Federal para llevar a cabo las investigaciones correspondientes.<\/p>\n","protected":false},"author":1,"featured_media":912,"comment_status":"open","ping_status":"open","sticky":false,"template":"","format":"standard","meta":{"footnotes":""},"categories":[29],"tags":[],"class_list":["post-392","post","type-post","status-publish","format-standard","has-post-thumbnail","hentry","category-principalsecundaria"],"_links":{"self":[{"href":"https:\/\/elreporterodelacomunidad.com\/index.php\/wp-json\/wp\/v2\/posts\/392","targetHints":{"allow":["GET"]}}],"collection":[{"href":"https:\/\/elreporterodelacomunidad.com\/index.php\/wp-json\/wp\/v2\/posts"}],"about":[{"href":"https:\/\/elreporterodelacomunidad.com\/index.php\/wp-json\/wp\/v2\/types\/post"}],"author":[{"embeddable":true,"href":"https:\/\/elreporterodelacomunidad.com\/index.php\/wp-json\/wp\/v2\/users\/1"}],"replies":[{"embeddable":true,"href":"https:\/\/elreporterodelacomunidad.com\/index.php\/wp-json\/wp\/v2\/comments?post=392"}],"version-history":[{"count":1,"href":"https:\/\/elreporterodelacomunidad.com\/index.php\/wp-json\/wp\/v2\/posts\/392\/revisions"}],"predecessor-version":[{"id":911,"href":"https:\/\/elreporterodelacomunidad.com\/index.php\/wp-json\/wp\/v2\/posts\/392\/revisions\/911"}],"wp:featuredmedia":[{"embeddable":true,"href":"https:\/\/elreporterodelacomunidad.com\/index.php\/wp-json\/wp\/v2\/media\/912"}],"wp:attachment":[{"href":"https:\/\/elreporterodelacomunidad.com\/index.php\/wp-json\/wp\/v2\/media?parent=392"}],"wp:term":[{"taxonomy":"category","embeddable":true,"href":"https:\/\/elreporterodelacomunidad.com\/index.php\/wp-json\/wp\/v2\/categories?post=392"},{"taxonomy":"post_tag","embeddable":true,"href":"https:\/\/elreporterodelacomunidad.com\/index.php\/wp-json\/wp\/v2\/tags?post=392"}],"curies":[{"name":"wp","href":"https:\/\/api.w.org\/{rel}","templated":true}]}}