{"id":391,"date":"2024-04-25T00:00:00","date_gmt":"2024-04-25T07:00:00","guid":{"rendered":"https:\/\/elreporterodelacomunidad.com\/index.php\/2024\/04\/25\/solicitan-programas-de-desarrollo-integral-para-ninas-y-ninos-en-congreso-infantil\/"},"modified":"2024-05-18T22:01:53","modified_gmt":"2024-05-19T05:01:53","slug":"solicitan-programas-de-desarrollo-integral-para-ninas-y-ninos-en-congreso-infantil","status":"publish","type":"post","link":"https:\/\/elreporterodelacomunidad.com\/index.php\/2024\/04\/25\/solicitan-programas-de-desarrollo-integral-para-ninas-y-ninos-en-congreso-infantil\/","title":{"rendered":"Solicitan programas de desarrollo integral para ni\u00f1as y ni\u00f1os en Congreso Infantil"},"content":{"rendered":"<div>Las y los integrantes del Congreso Infantil, en su edici\u00f3n 2024, hicieron un llamado a la Secretar\u00eda de Educaci\u00f3n y Cultura (SEC) para que, en coordinaci\u00f3n con el Sistema para el Desarrollo Integral de la Familia del Estado (DIF Sonora), fortalezca mecanismos de promoci\u00f3n de programas existentes en materia de desarrollo integral para ni\u00f1as y ni\u00f1os.<\/div>\n<div><\/div>\n<div>Mediante un exhorto firmado por 21 diputadas y 12 diputados infantiles, solicitaron al DIF establecer una figura que permita a la ni\u00f1ez promover programas en esta materia, con el prop\u00f3sito de que la informaci\u00f3n llegue a m\u00e1s ni\u00f1as y ni\u00f1os. Asimismo, llamaron a la Comisi\u00f3n del Deporte del Estado de Sonora (Codeson) a ampliar programas deportivos para menores de seis a trece a\u00f1os.<\/div>\n<div><\/div>\n<div>En cuanto a propuestas espec\u00edficas, las y los legisladores propusieron aumentar el tiempo de clases de educaci\u00f3n f\u00edsica, extender la cobertura de asistencia psicol\u00f3gica, hacer m\u00e1s accesible el sistema de becas, promover m\u00e1s actividades culturales y mejores h\u00e1bitos de nutrici\u00f3n saludable, poner en pr\u00e1ctica pol\u00edticas de descanso y recuperaci\u00f3n, entre otras.<\/div>\n<div><\/div>\n<div>Para favorecer el reconocimiento y el cuidado de las emociones, plantearon la creaci\u00f3n del programa de actividades \u201cCreciendo Felices\u201d, as\u00ed como sesiones de cuentacuentos con la intenci\u00f3n de fortalecer la amistad, la comunicaci\u00f3n y el trabajo en equipo.<\/div>\n<div><\/div>\n<div>El programa Diputado y Diputada Infantil es organizado por el Congreso del Estado, en coordinaci\u00f3n con la SEC, el Instituto Nacional Electoral (INE) y el Instituto Estatal Electoral y de Participaci\u00f3n Ciudadana (IEE Sonora), con la misi\u00f3n de estimular y difundir en la juventud los valores de la cultura c\u00edvica y democr\u00e1tica en la formaci\u00f3n de una ciudadan\u00eda informada y participativa.<\/div>\n<div><\/div>\n<div>En esta edici\u00f3n 2024, la mesa directiva del Congreso Infantil estuvo integrada por Edith Yaneli D\u00f3rame Rojas como presidenta; Luisa Fernanda F\u00e9lix Camargo como vicepresidenta; Gael Alberto Acu\u00f1a Quijada como primer secretario; Yadier Al\u00ed Cuevas Rasc\u00f3n como segundo secretario; e Ivanna Zoeh Olivas Hern\u00e1ndez como suplente.<\/div>\n<div><\/div>\n<div>Los 33 integrantes del Congreso Infantil rindieron protesta de ley ante integrantes de la mesa directiva de la 63\u00aa Legislatura e invitados especiales del Gobierno de Sonora, de la SEC, del INE y del IEE. En el desarrollo de la sesi\u00f3n se registr\u00f3 una participaci\u00f3n en Lengua de Se\u00f1as Mexicana (LSM) y dos intervenciones que comenzaron en dialecto ind\u00edgena.<\/div>\n<div><\/div>\n<div>Participaron en esta edici\u00f3n 2024: Evelyn Aileen Flores G\u00f3mez, Educaci\u00f3n Ind\u00edgena; Alondra Zavala Puente, Educaci\u00f3n Especial (Norte); Lidia Milagros Buitimea Buitimea, Educaci\u00f3n Especial (Sur); Naydelin Salmer\u00f3n Casta\u00f1eda, representaci\u00f3n migrante; Gretel Kristeli C\u00e1rdenas Duarte, Conafe; Dalia Rosal\u00eda Basopoli Ayala, albergue; Bianca Lizeth Plascencia Esparza, distrito 1 de San Luis R\u00edo Colorado.<\/div>\n<div><\/div>\n<div>Luis Antonio C\u00f3rdova Mancillas, distrito 2 de Puerto Pe\u00f1asco; Luis Mario Garc\u00eda Arreola, distrito 3 de Caborca; Brandon Vidal Paz Vargas, plurinominal 3; Sof\u00eda Tadeo Lara Garc\u00eda, distrito 4 de Nogales Norte; F\u00e1tima Viviana Tolano Rodr\u00edguez, distrito 5 de Nogales; Renn\u00e9 Alexandra Ayala Vera, distrito 6 de Hermosillo; Emiliano Carrazco Veloz, distrito 7 de Agua Prieta; Santiago Rosendo Graci\u00e1n del Moral, distrito 8 Hermosillo Noroeste; Milagros Brice\u00f1o L\u00f3pez, distrito 9 de Hermosillo Centro.<\/div>\n<div><\/div>\n<div>Emma Soph\u00eda Otero Jim\u00e9nez, distrito 10 de Hermosillo Noreste; Mar\u00eda Jos\u00e9 Landavazo Mart\u00ednez, distrito 11 de Hermosillo Costa; Yadier Al\u00ed Cuevas Rasc\u00f3n, plurinominal 11; Maximiliano Arvayo M\u00e1rquez, distrito 12 de, Hermosillo Sur; Aymar Alisse Montes Vega, distrito 13 de Guaymas; Oliver Isaac Enriquez Cabanillas, distrito 14 de Empalme; Edith Yaneli D\u00f3rame Rojas, plurinominal 14; Kamya Tadeo Inda L\u00f3pez, distrito 15 de Obreg\u00f3n Sur; El\u00edas Garc\u00eda Guti\u00e9rrez, distrito 16 de Obreg\u00f3n Sureste.<\/div>\n<div><\/div>\n<div>Ivanna Zoeh Olivas Hern\u00e1ndez, distrito 17 de Obreg\u00f3n Centro; Gael Alberto Acu\u00f1a Quijada, distrito 18 de Santa Ana; Ana Victoria S\u00e1nchez Moreno, plurinominal 18; Luisa Fernanda F\u00e9lix Camargo, distrito 19 de Navojoa; Issaylen Guadalupe Osuna G\u00f3mez, distrito 20 de Etchojoa; Julio C\u00e9sar Encinas Le\u00f3n, plurinominal 20; Gael Esquer Rodr\u00edguez, distrito 21 de Huatabampo; y Alexia Rub\u00ed G\u00f3mez Carrazco, plurinominal 21.<\/div>\n","protected":false},"excerpt":{"rendered":"<p>Las y los integrantes del Congreso Infantil, en su edici\u00f3n 2024, hicieron un llamado a la Secretar\u00eda de Educaci\u00f3n y Cultura (SEC) para que, en coordinaci\u00f3n con el Sistema para el Desarrollo Integral de la Familia del Estado (DIF Sonora), fortalezca mecanismos de promoci\u00f3n de programas existentes en materia de desarrollo integral para ni\u00f1as y [&hellip;]<\/p>\n","protected":false},"author":1,"featured_media":909,"comment_status":"open","ping_status":"open","sticky":false,"template":"","format":"standard","meta":{"footnotes":""},"categories":[39],"tags":[],"class_list":["post-391","post","type-post","status-publish","format-standard","has-post-thumbnail","hentry","category-politica"],"_links":{"self":[{"href":"https:\/\/elreporterodelacomunidad.com\/index.php\/wp-json\/wp\/v2\/posts\/391","targetHints":{"allow":["GET"]}}],"collection":[{"href":"https:\/\/elreporterodelacomunidad.com\/index.php\/wp-json\/wp\/v2\/posts"}],"about":[{"href":"https:\/\/elreporterodelacomunidad.com\/index.php\/wp-json\/wp\/v2\/types\/post"}],"author":[{"embeddable":true,"href":"https:\/\/elreporterodelacomunidad.com\/index.php\/wp-json\/wp\/v2\/users\/1"}],"replies":[{"embeddable":true,"href":"https:\/\/elreporterodelacomunidad.com\/index.php\/wp-json\/wp\/v2\/comments?post=391"}],"version-history":[{"count":1,"href":"https:\/\/elreporterodelacomunidad.com\/index.php\/wp-json\/wp\/v2\/posts\/391\/revisions"}],"predecessor-version":[{"id":908,"href":"https:\/\/elreporterodelacomunidad.com\/index.php\/wp-json\/wp\/v2\/posts\/391\/revisions\/908"}],"wp:featuredmedia":[{"embeddable":true,"href":"https:\/\/elreporterodelacomunidad.com\/index.php\/wp-json\/wp\/v2\/media\/909"}],"wp:attachment":[{"href":"https:\/\/elreporterodelacomunidad.com\/index.php\/wp-json\/wp\/v2\/media?parent=391"}],"wp:term":[{"taxonomy":"category","embeddable":true,"href":"https:\/\/elreporterodelacomunidad.com\/index.php\/wp-json\/wp\/v2\/categories?post=391"},{"taxonomy":"post_tag","embeddable":true,"href":"https:\/\/elreporterodelacomunidad.com\/index.php\/wp-json\/wp\/v2\/tags?post=391"}],"curies":[{"name":"wp","href":"https:\/\/api.w.org\/{rel}","templated":true}]}}