{"id":390,"date":"2024-04-25T00:00:00","date_gmt":"2024-04-25T07:00:00","guid":{"rendered":"https:\/\/elreporterodelacomunidad.com\/index.php\/2024\/04\/25\/reconoce-sec-sonora-a-ganadores-de-los-juegos-deportivos-estatales-escolares-de-la-educacion-basica-2023-2024\/"},"modified":"2024-05-18T22:01:51","modified_gmt":"2024-05-19T05:01:51","slug":"reconoce-sec-sonora-a-ganadores-de-los-juegos-deportivos-estatales-escolares-de-la-educacion-basica-2023-2024","status":"publish","type":"post","link":"https:\/\/elreporterodelacomunidad.com\/index.php\/2024\/04\/25\/reconoce-sec-sonora-a-ganadores-de-los-juegos-deportivos-estatales-escolares-de-la-educacion-basica-2023-2024\/","title":{"rendered":"Reconoce SEC Sonora a ganadores de los Juegos Deportivos Estatales Escolares de la Educaci\u00f3n B\u00e1sica 2023-2024."},"content":{"rendered":"<div>Tras concluir la segunda jornada de competencias eliminatorias, el Gobierno de Sonora, a trav\u00e9s de la Secretar\u00eda de Educaci\u00f3n y Cultura (SEC), premi\u00f3 a los ganadores de los Juegos Deportivos Estatales Escolares de la Educaci\u00f3n B\u00e1sica 2023-2024.<\/div>\n<div><\/div>\n<div>La dependencia educativa reconoci\u00f3 el gran esfuerzo, dedicaci\u00f3n, entusiasmo y sana convivencia de cerca de dos mil estudiantes de primaria y secundaria que participaron en cada una de las disciplinas y quienes recibieron la felicitaci\u00f3n por haber obtenido los tres primeros lugares en las distintas categor\u00edas.<\/div>\n<div><\/div>\n<div>Inform\u00f3 que las ni\u00f1as, ni\u00f1os y adolescentes que acudieron en representaci\u00f3n de escuelas p\u00fablicas y particulares de diferentes municipios de la entidad, compitieron en ajedrez, atletismo, basquetbol, taekwondo, futbol asociaci\u00f3n, handball, voleibol, b\u00e1dminton, tenis de mesa, beisbol y softbol.<\/div>\n<div><\/div>\n<div>La SEC reconoci\u00f3 el esfuerzo realizado por la comunidad escolar para impulsar la pr\u00e1ctica de alg\u00fan deporte como h\u00e1bito de vida saludable, a trav\u00e9s de las distintas etapas eliminatorias que tuvo el evento, as\u00ed como la colaboraci\u00f3n de 498 entrenadores, auxiliares y miembros del comit\u00e9 organizador.<\/div>\n<div><\/div>\n<div>Las autoridades educativas alentaron a la sociedad a contribuir en la generaci\u00f3n de escenarios deportivos competitivos e incluyentes, donde ni\u00f1as, ni\u00f1os y j\u00f3venes desarrollen habilidades y destrezas que les permitan tener una vida saludable, alejada de la delincuencia y otros factores de riesgo.<\/div>\n","protected":false},"excerpt":{"rendered":"<p>Inform\u00f3 que las ni\u00f1as, ni\u00f1os y adolescentes que acudieron en representaci\u00f3n de escuelas p\u00fablicas y particulares de diferentes municipios de la entidad, compitieron en ajedrez, atletismo, basquetbol, taekwondo, futbol asociaci\u00f3n, handball, voleibol, b\u00e1dminton, tenis de mesa, beisbol y softbol.<\/p>\n","protected":false},"author":1,"featured_media":907,"comment_status":"open","ping_status":"open","sticky":false,"template":"","format":"standard","meta":{"footnotes":""},"categories":[33],"tags":[],"class_list":["post-390","post","type-post","status-publish","format-standard","has-post-thumbnail","hentry","category-deportes"],"_links":{"self":[{"href":"https:\/\/elreporterodelacomunidad.com\/index.php\/wp-json\/wp\/v2\/posts\/390","targetHints":{"allow":["GET"]}}],"collection":[{"href":"https:\/\/elreporterodelacomunidad.com\/index.php\/wp-json\/wp\/v2\/posts"}],"about":[{"href":"https:\/\/elreporterodelacomunidad.com\/index.php\/wp-json\/wp\/v2\/types\/post"}],"author":[{"embeddable":true,"href":"https:\/\/elreporterodelacomunidad.com\/index.php\/wp-json\/wp\/v2\/users\/1"}],"replies":[{"embeddable":true,"href":"https:\/\/elreporterodelacomunidad.com\/index.php\/wp-json\/wp\/v2\/comments?post=390"}],"version-history":[{"count":1,"href":"https:\/\/elreporterodelacomunidad.com\/index.php\/wp-json\/wp\/v2\/posts\/390\/revisions"}],"predecessor-version":[{"id":906,"href":"https:\/\/elreporterodelacomunidad.com\/index.php\/wp-json\/wp\/v2\/posts\/390\/revisions\/906"}],"wp:featuredmedia":[{"embeddable":true,"href":"https:\/\/elreporterodelacomunidad.com\/index.php\/wp-json\/wp\/v2\/media\/907"}],"wp:attachment":[{"href":"https:\/\/elreporterodelacomunidad.com\/index.php\/wp-json\/wp\/v2\/media?parent=390"}],"wp:term":[{"taxonomy":"category","embeddable":true,"href":"https:\/\/elreporterodelacomunidad.com\/index.php\/wp-json\/wp\/v2\/categories?post=390"},{"taxonomy":"post_tag","embeddable":true,"href":"https:\/\/elreporterodelacomunidad.com\/index.php\/wp-json\/wp\/v2\/tags?post=390"}],"curies":[{"name":"wp","href":"https:\/\/api.w.org\/{rel}","templated":true}]}}