{"id":3879,"date":"2023-12-20T00:00:00","date_gmt":"2023-12-20T07:00:00","guid":{"rendered":"https:\/\/elreporterodelacomunidad.com\/index.php\/2023\/12\/20\/accidente-carretero-deja-cinco-muertos-y-un-lesionado-en-santa-ana\/"},"modified":"2024-05-18T23:17:47","modified_gmt":"2024-05-19T06:17:47","slug":"accidente-carretero-deja-cinco-muertos-y-un-lesionado-en-santa-ana","status":"publish","type":"post","link":"https:\/\/elreporterodelacomunidad.com\/index.php\/2023\/12\/20\/accidente-carretero-deja-cinco-muertos-y-un-lesionado-en-santa-ana\/","title":{"rendered":"Accidente carretero deja cinco muertos y un lesionado en Santa Ana"},"content":{"rendered":"<p class=\"MsoNormal\">Cinco muertos y una persona lesionada fue el saldo que dej\u00f3 un choque en la carretera entre Santa Ana y Altar, durante la noche del pasado del martes, el cual fue ocasionado por la invasi\u00f3n de carril.<\/p>\n<p class=\"MsoNormal\">Alrededor de las 23:38 horas se recibi\u00f3 el reporte sobre el siniestro vial, a la altura del kil\u00f3metro 001 + 800 de la carretera Santa Ana &#8211; Altar, donde cinco personas, identificadas como Francisco Javier, Blanca Raque, Francisco, Mar\u00eda Esther y Tito Dans, perdieron la vida.<\/p>\n<p class=\"MsoNormal\">Al sitio acudi\u00f3 personal de bomberos y de Cruz Roja para realizar acciones de rescate, mientras que autoridades de Seguridad P\u00fablica se abocaron a resguardar el \u00e1rea para brindar primero auxilios a las personas afectadas.<\/p>\n<p class=\"MsoNormal\">Sin embargo, se percataron m\u00e1s tarde que ni los socorristas ni los oficiales de polic\u00eda podr\u00edan traer de nuevo a la vida a los afectados del incidente, quienes se trasladaban en una camioenta Toyota, l\u00ednea Avanza, de color blanco.<\/p>\n<p class=\"MsoNormal\">De acuerdo con la autoridad investigadora, encargada de procesar el siniestro, fue un veh\u00edculo tipo pick up, de color azul, dos puertas, el cual invadi\u00f3 el carril para impactarse de frente con la camioneta donde viajaba las cinco v\u00edctimas mortales del siniestro.<\/p>\n<p class=\"MsoNormal\">Mientras tanto, el conductor de la pick up, result\u00f3 con lesiones considerables y fue trasladado a un hospital en Magdalena de Kino, aunque m\u00e1s tarde fue llevado a un nosocomio en Hermosillo, debido a la gravedad de su estado de salud.<\/p>\n<p class=\"MsoNormal\">Otro accidente deja a 38 personas con crisis nerviosa<\/p>\n<p class=\"MsoNormal\">Desafortunadamente, no fue el \u00fanico incidente vial que se present\u00f3 durante las \u00faltimas horas en Sonora, pues un accidente en la carretera entre Ciudad Obreg\u00f3n y Guaymas dej\u00f3 como saldo a ocho lesionados y 38 personas con crisis de nervios, luego de que un autob\u00fas de pasajeros se saliera del camino.<\/p>\n<p class=\"MsoNormal\">Ocurri\u00f3 al altura del kil\u00f3metro 66 de la carretera entre Ciudad Obreg\u00f3n y Guaymas, alrededor de las 17:00 horas del pasado martes, cuando el conductor de la unidad perdi\u00f3 el control y tuvo que maniobrar para evitar una tragedia, por lo que sali\u00f3 de la cinta asf\u00e1ltica.<\/p>\n<p class=\"MsoNormal\">Personal de Caminos y Puentes Federales (Capufe) as\u00ed como param\u00e9dicos de la Cruz Roja llegaron al lugar para realizar las respectivas diligencias, aunque no se presentaron v\u00edctimas fatales en este incidente.<\/p>\n","protected":false},"excerpt":{"rendered":"<p>Alrededor de las 23:38 horas se recibi\u00f3 el reporte sobre el siniestro vial, a la altura del kil\u00f3metro 001 + 800 de la carretera Santa Ana &#8211; Altar.<\/p>\n","protected":false},"author":1,"featured_media":3881,"comment_status":"open","ping_status":"open","sticky":false,"template":"","format":"standard","meta":{"footnotes":""},"categories":[29],"tags":[],"class_list":["post-3879","post","type-post","status-publish","format-standard","has-post-thumbnail","hentry","category-principalsecundaria"],"_links":{"self":[{"href":"https:\/\/elreporterodelacomunidad.com\/index.php\/wp-json\/wp\/v2\/posts\/3879","targetHints":{"allow":["GET"]}}],"collection":[{"href":"https:\/\/elreporterodelacomunidad.com\/index.php\/wp-json\/wp\/v2\/posts"}],"about":[{"href":"https:\/\/elreporterodelacomunidad.com\/index.php\/wp-json\/wp\/v2\/types\/post"}],"author":[{"embeddable":true,"href":"https:\/\/elreporterodelacomunidad.com\/index.php\/wp-json\/wp\/v2\/users\/1"}],"replies":[{"embeddable":true,"href":"https:\/\/elreporterodelacomunidad.com\/index.php\/wp-json\/wp\/v2\/comments?post=3879"}],"version-history":[{"count":1,"href":"https:\/\/elreporterodelacomunidad.com\/index.php\/wp-json\/wp\/v2\/posts\/3879\/revisions"}],"predecessor-version":[{"id":3880,"href":"https:\/\/elreporterodelacomunidad.com\/index.php\/wp-json\/wp\/v2\/posts\/3879\/revisions\/3880"}],"wp:featuredmedia":[{"embeddable":true,"href":"https:\/\/elreporterodelacomunidad.com\/index.php\/wp-json\/wp\/v2\/media\/3881"}],"wp:attachment":[{"href":"https:\/\/elreporterodelacomunidad.com\/index.php\/wp-json\/wp\/v2\/media?parent=3879"}],"wp:term":[{"taxonomy":"category","embeddable":true,"href":"https:\/\/elreporterodelacomunidad.com\/index.php\/wp-json\/wp\/v2\/categories?post=3879"},{"taxonomy":"post_tag","embeddable":true,"href":"https:\/\/elreporterodelacomunidad.com\/index.php\/wp-json\/wp\/v2\/tags?post=3879"}],"curies":[{"name":"wp","href":"https:\/\/api.w.org\/{rel}","templated":true}]}}