{"id":3837,"date":"2023-12-21T00:00:00","date_gmt":"2023-12-21T07:00:00","guid":{"rendered":"https:\/\/elreporterodelacomunidad.com\/index.php\/2023\/12\/21\/premia-ayuntamiento-a-ganadores-del-concurso-de-dibujo-una-vida-libre-de-violencia-hacia-las-mujeres-y-las-ninas-es-posible\/"},"modified":"2023-12-21T00:00:00","modified_gmt":"2023-12-21T07:00:00","slug":"premia-ayuntamiento-a-ganadores-del-concurso-de-dibujo-una-vida-libre-de-violencia-hacia-las-mujeres-y-las-ninas-es-posible","status":"publish","type":"post","link":"https:\/\/elreporterodelacomunidad.com\/index.php\/2023\/12\/21\/premia-ayuntamiento-a-ganadores-del-concurso-de-dibujo-una-vida-libre-de-violencia-hacia-las-mujeres-y-las-ninas-es-posible\/","title":{"rendered":"Premia Ayuntamiento a ganadores del Concurso de Dibujo \u201cUna vida libre de violencia hacia las mujeres y las ni\u00f1as es posible\u201d"},"content":{"rendered":"<div>Las y los j\u00f3venes que expresaron a trav\u00e9s del dibujo su visi\u00f3n de c\u00f3mo detener la violencia contra las mujeres y ni\u00f1as fue premiada por el Ayuntamiento de Hermosillo a trav\u00e9s de la Direcci\u00f3n de Atenci\u00f3n de la Mujer.<\/div>\n<div><\/div>\n<div>La Presidenta de DIF Hermosillo, Patricia Ruibal Zaragoza, se\u00f1al\u00f3 que con este tipo de reflexi\u00f3n j\u00f3venes y adolescentes pueden involucrarse en crear una sociedad en paz adem\u00e1s de expresar algo que quiz\u00e1s sus compa\u00f1eras o compa\u00f1eros han experimentado.<\/div>\n<div><\/div>\n<div>Destac\u00f3 la importancia de la prevenci\u00f3n record\u00f3 que por ello que lanzaron la campa\u00f1a \u201cAbusados con el Abuso sexual infantil\u201d que busca generar conciencia y prevenir el abuso sexual infantil.<\/div>\n<div><\/div>\n<div>En este Primer Concurso de Dibujo&nbsp; \u201cUna vida libre de violencia hacia mujeres y ni\u00f1as es posible\u201d&nbsp; la Directora de Atenci\u00f3n a la Mujer, Marisela Espriella dijo que fue muy gratificante ver el inter\u00e9s por participar ya que es necesario que se reflexione en hacer conciencia en la importancia de la educaci\u00f3n, en igualdad y respeto entre hombres y mujeres.<\/div>\n<div><\/div>\n<div>&#8220;Podemos construir una vida libre de violencia si tenemos presentes los derechos que todos tenemos\u201d, agreg\u00f3.<\/div>\n<div><\/div>\n<div>Los primeros lugares se hicieron acreedores a 3,500 pesos, el segundo a 2,000 pesos&nbsp; y el tercer lugar a 1,000 pesos en efectivo, adem\u00e1s del reconocimiento.<\/div>\n<div><\/div>\n<div>Los primero lugares ser\u00e1n replicados en el Centro de Atenci\u00f3n a la Mujer para que el mensaje en sus dibujos llegue a m\u00e1s personas.<\/div>\n<div><\/div>\n<div>Ganadores:<\/div>\n<div><\/div>\n<div>Categor\u00eda Secundaria:<\/div>\n<div>\u00c1ngel Gabriel Santizo Jim\u00e9nez, Primer lugar.<\/div>\n<div>Joselin Liliana Esquer Castro, Segundo lugar.<\/div>\n<div>Ivanna Salinas I\u00f1igo, Tercer lugar.<\/div>\n<div><\/div>\n<div>Categor\u00eda Preparatoria:<\/div>\n<div>Luis Alejandro S\u00e1nchez Espinoza, Primer Lugar.<\/div>\n<div>Stephani Aryadnne Le\u00f3n Andrade, Segundo Lugar.<\/div>\n<div>Javier Alberto Urrea Gonz\u00e1lez, Tercer Lugar.<\/div>\n","protected":false},"excerpt":{"rendered":"<p>Internautas los eligieron mediante voto en redes sociales<\/p>\n","protected":false},"author":1,"featured_media":3838,"comment_status":"open","ping_status":"open","sticky":false,"template":"","format":"standard","meta":{"footnotes":""},"categories":[41],"tags":[],"class_list":["post-3837","post","type-post","status-publish","format-standard","has-post-thumbnail","hentry","category-cultura"],"_links":{"self":[{"href":"https:\/\/elreporterodelacomunidad.com\/index.php\/wp-json\/wp\/v2\/posts\/3837","targetHints":{"allow":["GET"]}}],"collection":[{"href":"https:\/\/elreporterodelacomunidad.com\/index.php\/wp-json\/wp\/v2\/posts"}],"about":[{"href":"https:\/\/elreporterodelacomunidad.com\/index.php\/wp-json\/wp\/v2\/types\/post"}],"author":[{"embeddable":true,"href":"https:\/\/elreporterodelacomunidad.com\/index.php\/wp-json\/wp\/v2\/users\/1"}],"replies":[{"embeddable":true,"href":"https:\/\/elreporterodelacomunidad.com\/index.php\/wp-json\/wp\/v2\/comments?post=3837"}],"version-history":[{"count":0,"href":"https:\/\/elreporterodelacomunidad.com\/index.php\/wp-json\/wp\/v2\/posts\/3837\/revisions"}],"wp:featuredmedia":[{"embeddable":true,"href":"https:\/\/elreporterodelacomunidad.com\/index.php\/wp-json\/wp\/v2\/media\/3838"}],"wp:attachment":[{"href":"https:\/\/elreporterodelacomunidad.com\/index.php\/wp-json\/wp\/v2\/media?parent=3837"}],"wp:term":[{"taxonomy":"category","embeddable":true,"href":"https:\/\/elreporterodelacomunidad.com\/index.php\/wp-json\/wp\/v2\/categories?post=3837"},{"taxonomy":"post_tag","embeddable":true,"href":"https:\/\/elreporterodelacomunidad.com\/index.php\/wp-json\/wp\/v2\/tags?post=3837"}],"curies":[{"name":"wp","href":"https:\/\/api.w.org\/{rel}","templated":true}]}}