{"id":3821,"date":"2023-12-22T00:00:00","date_gmt":"2023-12-22T07:00:00","guid":{"rendered":"https:\/\/elreporterodelacomunidad.com\/index.php\/2023\/12\/22\/grupo-carso-construira-gasoducto-de-gas-natural-para-sonora-y-baja-california\/"},"modified":"2024-05-18T23:16:25","modified_gmt":"2024-05-19T06:16:25","slug":"grupo-carso-construira-gasoducto-de-gas-natural-para-sonora-y-baja-california","status":"publish","type":"post","link":"https:\/\/elreporterodelacomunidad.com\/index.php\/2023\/12\/22\/grupo-carso-construira-gasoducto-de-gas-natural-para-sonora-y-baja-california\/","title":{"rendered":"Grupo Carso construir\u00e1 gasoducto de gas natural para Sonora y Baja California"},"content":{"rendered":"<p class=\"MsoNormal\">Sonora contar\u00e1 con un nuevo gasoducto que ser\u00e1 construido por la empresa Gasoducto Centauro del Norte S.A. de C.V., con la intenci\u00f3n de que suministre de ese recurso a las centrales de la Comisi\u00f3n Federal de Electricidad (CFE) en Baja California y Sonora.<\/p>\n<p class=\"MsoNormal\">A trav\u00e9s de un comunicado, la paraestatal inform\u00f3 que el pasado 20 de diciembre se firm\u00f3 un Convenio de Inversi\u00f3n con la subsidiaria de Grupo Carso S.A.B. de C.V., propiedad de Carlos Slim Hel\u00fa, quien se encargar\u00e1 de ese proyecto.<\/p>\n<p class=\"MsoNormal\">Tambi\u00e9n se detall\u00f3 que existe un Convenio de Desarrollo y Ejecuci\u00f3n, as\u00ed como un Contrato de Servicio de Transporte de Gas Natural, para que se desarrolle, construya y opere un gasoducto en el norte del pa\u00eds.<\/p>\n<p class=\"MsoNormal\">Dicho conducto tendr\u00e1 una longitud aproximada de 416 kil\u00f3metros, pero no se ha explicado desde qu\u00e9 punto partir\u00e1 para transportar el gas natural que dotar\u00e1 a las centrales de la empresa el\u00e9ctrica.<\/p>\n<p class=\"MsoNormal\">Lo que s\u00ed se sabe es que ese recurso llegar\u00e1 hasta las plantas de Ciclo Combinado en San Luis R\u00edo Colorado y la Ciclo Combinado Gonz\u00e1lez Ortega en Mexicali, que est\u00e1n en proceso de construcci\u00f3n.<\/p>\n<p class=\"MsoNormal\">El proyecto en general estima generar alrededor de 700 empleos directos en ambas entidades, m\u00e1s una cantidad importante de indirectos que se den durante la edificaci\u00f3n de la obra.<\/p>\n<p class=\"MsoNormal\">Se especifica que la participaci\u00f3n de la CFE no s\u00f3lo ser\u00e1 como usuario ancla en el sistema de transporte, puesto que tambi\u00e9n se le da la facultad de ser accionista de la sociedad que lleve a cabo el plan.<\/p>\n<p class=\"MsoNormal\">Tambi\u00e9n se estableci\u00f3 que adem\u00e1s de garantizar el suministro de ese hidrocarburo, se ofrezca a precios competitivos a los sitios de generaci\u00f3n de electricidad pertenecientes a la paraestatal en los dos estados antes mencionados y con ello asegurar el suministro que se requiere para dotar de energ\u00eda a miles de hogares tanto en Sonora como en Baja California.<\/p>\n","protected":false},"excerpt":{"rendered":"<p>Este proyecto generar\u00e1 alrededor de 700 empleos directos para ambos estados, inform\u00f3 Comisi\u00f3n Federal de Electricidad.<\/p>\n","protected":false},"author":1,"featured_media":3823,"comment_status":"open","ping_status":"open","sticky":false,"template":"","format":"standard","meta":{"footnotes":""},"categories":[29],"tags":[],"class_list":["post-3821","post","type-post","status-publish","format-standard","has-post-thumbnail","hentry","category-principalsecundaria"],"_links":{"self":[{"href":"https:\/\/elreporterodelacomunidad.com\/index.php\/wp-json\/wp\/v2\/posts\/3821","targetHints":{"allow":["GET"]}}],"collection":[{"href":"https:\/\/elreporterodelacomunidad.com\/index.php\/wp-json\/wp\/v2\/posts"}],"about":[{"href":"https:\/\/elreporterodelacomunidad.com\/index.php\/wp-json\/wp\/v2\/types\/post"}],"author":[{"embeddable":true,"href":"https:\/\/elreporterodelacomunidad.com\/index.php\/wp-json\/wp\/v2\/users\/1"}],"replies":[{"embeddable":true,"href":"https:\/\/elreporterodelacomunidad.com\/index.php\/wp-json\/wp\/v2\/comments?post=3821"}],"version-history":[{"count":1,"href":"https:\/\/elreporterodelacomunidad.com\/index.php\/wp-json\/wp\/v2\/posts\/3821\/revisions"}],"predecessor-version":[{"id":3822,"href":"https:\/\/elreporterodelacomunidad.com\/index.php\/wp-json\/wp\/v2\/posts\/3821\/revisions\/3822"}],"wp:featuredmedia":[{"embeddable":true,"href":"https:\/\/elreporterodelacomunidad.com\/index.php\/wp-json\/wp\/v2\/media\/3823"}],"wp:attachment":[{"href":"https:\/\/elreporterodelacomunidad.com\/index.php\/wp-json\/wp\/v2\/media?parent=3821"}],"wp:term":[{"taxonomy":"category","embeddable":true,"href":"https:\/\/elreporterodelacomunidad.com\/index.php\/wp-json\/wp\/v2\/categories?post=3821"},{"taxonomy":"post_tag","embeddable":true,"href":"https:\/\/elreporterodelacomunidad.com\/index.php\/wp-json\/wp\/v2\/tags?post=3821"}],"curies":[{"name":"wp","href":"https:\/\/api.w.org\/{rel}","templated":true}]}}