{"id":3801,"date":"2023-12-22T00:00:00","date_gmt":"2023-12-22T07:00:00","guid":{"rendered":"https:\/\/elreporterodelacomunidad.com\/index.php\/2023\/12\/22\/desplazamiento-de-cientos-de-personas-en-sonora-guerrero-y-chiapas-debido-a-la-violencia-cmdpdh\/"},"modified":"2024-05-18T23:15:57","modified_gmt":"2024-05-19T06:15:57","slug":"desplazamiento-de-cientos-de-personas-en-sonora-guerrero-y-chiapas-debido-a-la-violencia-cmdpdh","status":"publish","type":"post","link":"https:\/\/elreporterodelacomunidad.com\/index.php\/2023\/12\/22\/desplazamiento-de-cientos-de-personas-en-sonora-guerrero-y-chiapas-debido-a-la-violencia-cmdpdh\/","title":{"rendered":"Desplazamiento de cientos de personas en Sonora, Guerrero y Chiapas debido a la violencia: CMDPDH"},"content":{"rendered":"<p class=\"MsoNormal\">Hechos violentos registrados en el mes de noviembre provocaron el desplazamiento de cientos de personas en los estados de Guerrero, Sonora y Chiapas, seg\u00fan lo documentado por la Comisi\u00f3n Mexicana de Defensa y Promoci\u00f3n de los Derechos Humanos (CMDPDH).<\/p>\n<p class=\"MsoNormal\">En Guerrero, un n\u00famero indeterminado de personas, familiares de trece polic\u00edas asesinados el 23 de octubre, se vieron obligadas a huir del Municipio de Coyuca de Ben\u00edtez. <\/p>\n<p class=\"MsoNormal\">\u201cDe acuerdo con testimonios de personas desplazadas de la localidad de El Papagayo, su primer destino tras el desplazamiento fue el municipio de Acapulco, pero tuvieron que volver a desplazarse por las duras condiciones ocasionadas por el hurac\u00e1n Otis, traslad\u00e1ndose al estado de Michoac\u00e1n&#8221;, detall\u00f3 la CMDPDH.<\/p>\n<p class=\"MsoNormal\">Estas personas, tambi\u00e9n hab\u00edan sido obligadas bajo amenazas del grupo del crimen organizado &#8220;Los Granados&#8221; a transportar drogas y armas en veh\u00edculos particulares de Atoyac a Acapulco.<\/p>\n<p class=\"MsoNormal\">SONORA<\/p>\n<p class=\"MsoNormal\">En el Estado de Sonora, al menos 500 personas tuvieron que abandonar S\u00e1sabe, comunidad del municipio de S\u00e1ric, a causa de los hechos de violencia registrados entre el 31 de octubre y el 14 de noviembre.<\/p>\n<p class=\"MsoNormal\">La CMDPDH document\u00f3 que en esta comunidad situada en la frontera con Estados Unidos quedaron \u00fanicamente 100 personas.<\/p>\n<p class=\"MsoNormal\">\u201cLa regi\u00f3n es parte de un corredor de trasiego de droga y de personas hacia Estados Unidos y de armas hacia M\u00e9xico&#8221;, se explic\u00f3.<\/p>\n<p class=\"MsoNormal\">CHIAPAS<\/p>\n<p class=\"MsoNormal\">Al sureste, en el Municipio de Maravilla Tenejapa, en Chiapas, se desplazaron a las monta\u00f1as y poblados cercanos debido al secuestro del Alcalde Zoel L\u00f3pez L\u00f3pez y uno de sus colaboradores el 24 de noviembre, d\u00eda en que se desat\u00f3 la violencia.<\/p>\n<p class=\"MsoNormal\">Esta zona colinda con Guatemala y con la Selva la Lacandona, y se desconoce hasta el momento la ubicaci\u00f3n de las personas, as\u00ed como el n\u00famero exacto de desplazados, que podr\u00eda ser hasta miles, seg\u00fan reportes locales.<\/p>\n<p class=\"MsoNormal\">\u201cEl secuestro de los funcionarios provoc\u00f3 una fuerte movilizaci\u00f3n de personal de la Secretar\u00eda de la Defensa Nacional, con saldo de cuatro civiles muertos y un militar. Desde mediados de noviembre se han reportado hechos de violencia en el municipio, como el secuestro de dos j\u00f3venes, el hallazgo de un cuerpo desmembrado al interior de una hielera, la quema de viviendas, entre otras agresiones, por lo que habitantes de Amatitl\u00e1n, Rodulfo Figueroa, Nueva Sabanilla, San Felipe Jatat\u00e9, San Mateo, Ni\u00f1os H\u00e9roes, Plan R\u00edo Azul, Nueva Argentina, Loma Bonita, Guadalupe Miramar, Nueva Linda Vista y Nueva Esperanza, as\u00ed como de la cabecera municipal, abandonaron sus comunidades&#8221;, explic\u00f3 la Comisi\u00f3n.<\/p>\n<p class=\"MsoNormal\">Adem\u00e1s, la CMDPDH, mencion\u00f3 que no logr\u00f3 precisar la fecha ni la cantidad de personas, pero en la sierra de Petatl\u00e1n, en Guerrero. Se trata de familias de las localidades de La Palma, Potrerillos y Chaveta, quienes tuvieron que abandonar sus hogares y refugiarse en Santa Rosa.<\/p>\n<p class=\"MsoNormal\">Mientras familias ind\u00edgenas mazahuas del ejido San Antonio la Laguna, Municipio de Donato Guerra, Estado de M\u00e9xico, se manifestaron en la capital mexiquense y denunciaron haber sido v\u00edctimas de desplazamiento interno tras el despojo violento de sus tierras.<\/p>\n","protected":false},"excerpt":{"rendered":"<p>Hechos violentos registrados en noviembre han llevado al desplazamiento de cientos de personas en tres estados.<\/p>\n","protected":false},"author":1,"featured_media":3802,"comment_status":"open","ping_status":"open","sticky":false,"template":"","format":"standard","meta":{"footnotes":""},"categories":[39],"tags":[],"class_list":["post-3801","post","type-post","status-publish","format-standard","has-post-thumbnail","hentry","category-politica"],"_links":{"self":[{"href":"https:\/\/elreporterodelacomunidad.com\/index.php\/wp-json\/wp\/v2\/posts\/3801","targetHints":{"allow":["GET"]}}],"collection":[{"href":"https:\/\/elreporterodelacomunidad.com\/index.php\/wp-json\/wp\/v2\/posts"}],"about":[{"href":"https:\/\/elreporterodelacomunidad.com\/index.php\/wp-json\/wp\/v2\/types\/post"}],"author":[{"embeddable":true,"href":"https:\/\/elreporterodelacomunidad.com\/index.php\/wp-json\/wp\/v2\/users\/1"}],"replies":[{"embeddable":true,"href":"https:\/\/elreporterodelacomunidad.com\/index.php\/wp-json\/wp\/v2\/comments?post=3801"}],"version-history":[{"count":1,"href":"https:\/\/elreporterodelacomunidad.com\/index.php\/wp-json\/wp\/v2\/posts\/3801\/revisions"}],"predecessor-version":[{"id":3803,"href":"https:\/\/elreporterodelacomunidad.com\/index.php\/wp-json\/wp\/v2\/posts\/3801\/revisions\/3803"}],"wp:featuredmedia":[{"embeddable":true,"href":"https:\/\/elreporterodelacomunidad.com\/index.php\/wp-json\/wp\/v2\/media\/3802"}],"wp:attachment":[{"href":"https:\/\/elreporterodelacomunidad.com\/index.php\/wp-json\/wp\/v2\/media?parent=3801"}],"wp:term":[{"taxonomy":"category","embeddable":true,"href":"https:\/\/elreporterodelacomunidad.com\/index.php\/wp-json\/wp\/v2\/categories?post=3801"},{"taxonomy":"post_tag","embeddable":true,"href":"https:\/\/elreporterodelacomunidad.com\/index.php\/wp-json\/wp\/v2\/tags?post=3801"}],"curies":[{"name":"wp","href":"https:\/\/api.w.org\/{rel}","templated":true}]}}