{"id":3765,"date":"2023-12-26T00:00:00","date_gmt":"2023-12-26T07:00:00","guid":{"rendered":"https:\/\/elreporterodelacomunidad.com\/index.php\/2023\/12\/26\/gobierno-entrega-hangar-presidencial-a-sedena-para-uso-militar\/"},"modified":"2023-12-26T00:00:00","modified_gmt":"2023-12-26T07:00:00","slug":"gobierno-entrega-hangar-presidencial-a-sedena-para-uso-militar","status":"publish","type":"post","link":"https:\/\/elreporterodelacomunidad.com\/index.php\/2023\/12\/26\/gobierno-entrega-hangar-presidencial-a-sedena-para-uso-militar\/","title":{"rendered":"Gobierno entrega Hangar Presidencial a Sedena para uso militar"},"content":{"rendered":"<p class=\"MsoNormal\">El gobierno federal entreg\u00f3 el Hangar Presidencial, ubicado en el Aeropuerto Internacional de la Ciudad de M\u00e9xico (AICM), a la Secretar\u00eda de la Defensa Nacional (Sedena), con el fin de que sea utilizado para actividades militares.<\/p>\n<p class=\"MsoNormal\">Por medio de un decreto firmado por el Instituto de Administraci\u00f3n y Aval\u00faos de Bienes Nacionales (Indaabin) y publicado este martes en el Diario Oficial de la Federaci\u00f3n (DOF), el gobierno cedi\u00f3 el uso del inmueble al Ej\u00e9rcito para fines militares.<\/p>\n<p class=\"MsoNormal\">Con ello, se le permite a la Sedena el uso del terreno de 127 mil 405.03 metros cuadrados e instalaciones, que abarcan un total de 20 mil 164.39 metros cuadrados. Sin embargo, no le otorga la propiedad del mismo.<\/p>\n<p class=\"MsoNormal\">Por lo tanto, en caso que se desee realizar obras de construcci\u00f3n, reconstrucci\u00f3n, modificaci\u00f3n, adaptaci\u00f3n, conservaci\u00f3n, mantenimiento, reparaci\u00f3n y demolici\u00f3n, deber\u00e1 ser autorizado por las autoridades correspondientes.<\/p>\n<p class=\"MsoNormal\">La Secretar\u00eda de la Defensa Nacional deber\u00e1 custodiar y vigilar el inmueble, quedando obligado a cubrir los gastos necesarios para su conservaci\u00f3n y mantenimiento.<\/p>\n<p class=\"MsoNormal\">El Hangar cuenta con una superficie de terreno de 127 mil 405.03 metros cuadrados y de construcci\u00f3n de 20 mil 164.39 metros cuadrados. Fue propiedad de la Presidencia de la Rep\u00fablica y administrado por el extinto Estado Mayor Presidencial hasta 2018.<\/p>\n<p class=\"MsoNormal\">El decreto, que otorga el uso de las instalaciones a la Sedena, entrar\u00e1 en vigor el mi\u00e9rcoles 27 de diciembre.<\/p>\n","protected":false},"excerpt":{"rendered":"<p>El Hangar cuenta con una superficie de terreno de 127 mil 405.03 metros cuadrados y de construcci\u00f3n de 20 mil 164.39 metros cuadrados. Fue propiedad de la Presidencia de la Rep\u00fablica y administrado por el extinto Estado Mayor Presidencial hasta 2018.<\/p>\n","protected":false},"author":1,"featured_media":3766,"comment_status":"open","ping_status":"open","sticky":false,"template":"","format":"standard","meta":{"footnotes":""},"categories":[29],"tags":[],"class_list":["post-3765","post","type-post","status-publish","format-standard","has-post-thumbnail","hentry","category-principalsecundaria"],"_links":{"self":[{"href":"https:\/\/elreporterodelacomunidad.com\/index.php\/wp-json\/wp\/v2\/posts\/3765","targetHints":{"allow":["GET"]}}],"collection":[{"href":"https:\/\/elreporterodelacomunidad.com\/index.php\/wp-json\/wp\/v2\/posts"}],"about":[{"href":"https:\/\/elreporterodelacomunidad.com\/index.php\/wp-json\/wp\/v2\/types\/post"}],"author":[{"embeddable":true,"href":"https:\/\/elreporterodelacomunidad.com\/index.php\/wp-json\/wp\/v2\/users\/1"}],"replies":[{"embeddable":true,"href":"https:\/\/elreporterodelacomunidad.com\/index.php\/wp-json\/wp\/v2\/comments?post=3765"}],"version-history":[{"count":0,"href":"https:\/\/elreporterodelacomunidad.com\/index.php\/wp-json\/wp\/v2\/posts\/3765\/revisions"}],"wp:featuredmedia":[{"embeddable":true,"href":"https:\/\/elreporterodelacomunidad.com\/index.php\/wp-json\/wp\/v2\/media\/3766"}],"wp:attachment":[{"href":"https:\/\/elreporterodelacomunidad.com\/index.php\/wp-json\/wp\/v2\/media?parent=3765"}],"wp:term":[{"taxonomy":"category","embeddable":true,"href":"https:\/\/elreporterodelacomunidad.com\/index.php\/wp-json\/wp\/v2\/categories?post=3765"},{"taxonomy":"post_tag","embeddable":true,"href":"https:\/\/elreporterodelacomunidad.com\/index.php\/wp-json\/wp\/v2\/tags?post=3765"}],"curies":[{"name":"wp","href":"https:\/\/api.w.org\/{rel}","templated":true}]}}