{"id":376,"date":"2024-04-26T00:00:00","date_gmt":"2024-04-26T07:00:00","guid":{"rendered":"https:\/\/elreporterodelacomunidad.com\/index.php\/2024\/04\/26\/ataque-armado-en-pueblitos-deja-a-un-conductor-sin-vida\/"},"modified":"2024-05-18T22:00:47","modified_gmt":"2024-05-19T05:00:47","slug":"ataque-armado-en-pueblitos-deja-a-un-conductor-sin-vida","status":"publish","type":"post","link":"https:\/\/elreporterodelacomunidad.com\/index.php\/2024\/04\/26\/ataque-armado-en-pueblitos-deja-a-un-conductor-sin-vida\/","title":{"rendered":"Ataque armado en Pueblitos deja a un conductor sin vida"},"content":{"rendered":"<p class=\"MsoNormal\">Este viernes se registr\u00f3 un ataque con arma de fuego en calles de la colonia Pueblitos, localizada al norte de Hermosillo; el saldo fue de una persona muerta a bordo de su autom\u00f3vil.<\/p>\n<p class=\"MsoNormal\">\n<p class=\"MsoNormal\">En las calles Salazar F\u00e9lix y Pueblo del Sol, de la citada colonia, se report\u00f3 una serie de detonaciones de arma de fuego, mismas que estaban dirigidas hacia una persona del sexo masculino que se encontraba en un veh\u00edculo tipo sed\u00e1n, de color blanco.<\/p>\n<p class=\"MsoNormal\">De acuerdo con testigos, el autor ser\u00eda un hombre que viajaba a bordo de una motocicleta, quien accion\u00f3 un arma en contra del conductor del veh\u00edculo sed\u00e1n, quien en primera instancia fue reportado como lesionado tras el ataque.<\/p>\n<p class=\"MsoNormal\">Sin embargo, al arribar param\u00e9dicos de la Cruz Roja de Hermosillo atendieron al afectado, por lo que al tomar sus signos vitales determinaron que la persona ya hab\u00eda fallecido a consecuencia de las heridas.<\/p>\n<p class=\"MsoNormal\">Asimismo, al sitio arribaron alrededor de 10 patrullas de la Polic\u00eda Estatal de Seguridad P\u00fablica (PESP) como primeros respondieres, quienes acordonaron el per\u00edmetro para realizar las respectivas diligencias de ley e iniciar las indagatorias correspondientes.<\/p>\n<p class=\"MsoNormal\">Hasta el momento, se desconoce la identidad de la v\u00edctima, mientras que las autoridades no han reportado a personas detenidas tras el ataque armado, ocurrido en las inmediaciones de un plantel escolar.<\/p>\n<p class=\"MsoNormal\">En esa misma colonia se han presentado hechos violentos con anterioridad, por lo que cabe resaltar que, durante diciembre del 2023, elementos de la Agencia Ministerial de Investigaci\u00f3n Criminal (AMIC) abatieron a un hombre luego de un cateo en un domicilio de la calle Del Encuentro, de la privada Pueblo Escondido.<\/p>\n<p class=\"MsoNormal\">En el sitio se encontraba un hombre de aproximadamente 50 a\u00f1os, el cual corri\u00f3 al interior de la vivienda al visualizar a los agentes, por lo que se dirigi\u00f3 a su habitaci\u00f3n, extrayendo un arma de fuego, por lo que los uniformados le solicitaron arrojarla al piso.<\/p>\n<p class=\"MsoNormal\">Ante la negativa del sujeto, uno de los agentes desenfund\u00f3 su arma de cargo al verse en peligro, por lo que abri\u00f3 el fuego en contra del hombre para neutralizarlo y aunque se le brindaron primeros auxilios y atenci\u00f3n m\u00e9dica, el sospechoso falleci\u00f3 momentos despu\u00e9s de ser abatido por la fuerza p\u00fablica.<\/p>\n","protected":false},"excerpt":{"rendered":"<p>La v\u00edctima, de aproximadamente 50 a\u00f1os, se encontraba a bordo de su veh\u00edculo cuando fue interceptado por una persona que viajaba en una motocicleta.<\/p>\n","protected":false},"author":1,"featured_media":879,"comment_status":"open","ping_status":"open","sticky":false,"template":"","format":"standard","meta":{"footnotes":""},"categories":[29],"tags":[],"class_list":["post-376","post","type-post","status-publish","format-standard","has-post-thumbnail","hentry","category-principalsecundaria"],"_links":{"self":[{"href":"https:\/\/elreporterodelacomunidad.com\/index.php\/wp-json\/wp\/v2\/posts\/376","targetHints":{"allow":["GET"]}}],"collection":[{"href":"https:\/\/elreporterodelacomunidad.com\/index.php\/wp-json\/wp\/v2\/posts"}],"about":[{"href":"https:\/\/elreporterodelacomunidad.com\/index.php\/wp-json\/wp\/v2\/types\/post"}],"author":[{"embeddable":true,"href":"https:\/\/elreporterodelacomunidad.com\/index.php\/wp-json\/wp\/v2\/users\/1"}],"replies":[{"embeddable":true,"href":"https:\/\/elreporterodelacomunidad.com\/index.php\/wp-json\/wp\/v2\/comments?post=376"}],"version-history":[{"count":1,"href":"https:\/\/elreporterodelacomunidad.com\/index.php\/wp-json\/wp\/v2\/posts\/376\/revisions"}],"predecessor-version":[{"id":878,"href":"https:\/\/elreporterodelacomunidad.com\/index.php\/wp-json\/wp\/v2\/posts\/376\/revisions\/878"}],"wp:featuredmedia":[{"embeddable":true,"href":"https:\/\/elreporterodelacomunidad.com\/index.php\/wp-json\/wp\/v2\/media\/879"}],"wp:attachment":[{"href":"https:\/\/elreporterodelacomunidad.com\/index.php\/wp-json\/wp\/v2\/media?parent=376"}],"wp:term":[{"taxonomy":"category","embeddable":true,"href":"https:\/\/elreporterodelacomunidad.com\/index.php\/wp-json\/wp\/v2\/categories?post=376"},{"taxonomy":"post_tag","embeddable":true,"href":"https:\/\/elreporterodelacomunidad.com\/index.php\/wp-json\/wp\/v2\/tags?post=376"}],"curies":[{"name":"wp","href":"https:\/\/api.w.org\/{rel}","templated":true}]}}