{"id":3755,"date":"2023-12-29T00:00:00","date_gmt":"2023-12-29T07:00:00","guid":{"rendered":"https:\/\/elreporterodelacomunidad.com\/index.php\/2023\/12\/29\/masacre-en-fiesta-de-ciudad-obregon-asesinan-a-6-personas-y-26-mas-resultan-heridas\/"},"modified":"2023-12-29T00:00:00","modified_gmt":"2023-12-29T07:00:00","slug":"masacre-en-fiesta-de-ciudad-obregon-asesinan-a-6-personas-y-26-mas-resultan-heridas","status":"publish","type":"post","link":"https:\/\/elreporterodelacomunidad.com\/index.php\/2023\/12\/29\/masacre-en-fiesta-de-ciudad-obregon-asesinan-a-6-personas-y-26-mas-resultan-heridas\/","title":{"rendered":"Masacre en fiesta de Ciudad Obreg\u00f3n: asesinan a 6 personas y 26 m\u00e1s resultan heridas"},"content":{"rendered":"<p class=\"MsoNormal\">El saldo de seis personas sin vida y 26 lesionados, fue lo que se present\u00f3 durante las primeras horas de este viernes en Ciudad Obreg\u00f3n, en el municipio de Cajeme, luego de que un grupo armado irrumpiera una reuni\u00f3n social en la colonia Cajeme, al norte de la ciudad, y disparar\u00e1 de manera directa contra uno de los asistentes, resultado afectados el resto, entre ellos varios menores de edad.<\/p>\n<p class=\"MsoNormal\">De acuerdo con el reporte de la Fiscal\u00eda General de Justicia del Estado (FGJE), las primeras l\u00edneas de investigaci\u00f3n indican que fue un ataque directo contra una persona que era l\u00edder de un grupo criminal y contaba con \u00f3rdenes de aprehensi\u00f3n por feminicidio en tentativa, homicidio calificado, privaci\u00f3n ilegal de la libertad y asociaci\u00f3n delictuosa.<\/p>\n<p class=\"MsoNormal\">\u201cSobre los hechos ocurridos la madrugada de este viernes 29 de diciembre, en el municipio de Cajeme, las primeras l\u00edneas de investigaci\u00f3n indican que fue producto de un ataque directo contra una persona que era l\u00edder de un grupo criminal y contaba con \u00f3rdenes de aprehensi\u00f3n por feminicidio en tentativa, homicidio calificado, privaci\u00f3n ilegal de la libertad y asociaci\u00f3n delictuosa. Este ataque le produjo la muerte a \u00e9l y cinco personas m\u00e1s, as\u00ed como lesion\u00f3 a otras\u201d, se\u00f1ala el comunicado.<\/p>\n<p class=\"MsoNormal\">En rueda de prensa, el titular de la FGJE en Sonora, Gustavo Salas Ch\u00e1vez enfatiz\u00f3 que \u201cser\u00e1n identificados, capturados y llevados ante los tribunales\u201d los responsables del hecho criminal, y que este no quedar\u00e1 impune.<\/p>\n<p class=\"MsoNormal\">\u201cEs evidente, por testimonios recabados, que fue un ataque directo, \u00e9l (sujeto) trat\u00f3 de huir y en la huida dispararon en su contra y fue cuando resultaron lesionadas las personas\u201d, se\u00f1al\u00f3.<\/p>\n<p class=\"MsoNormal\">En ese sentido, dijo el gabinete de seguridad se encuentra en sesi\u00f3n permanente, y que se ha formado un bloque de investigaci\u00f3n y b\u00fasqueda para obtener lo antes posible resultados para poder llevar a los responsables ante las autoridades correspondientes.<\/p>\n<p class=\"MsoNormal\">As\u00ed mismo, la Comisi\u00f3n Estatal de V\u00edctimas, Secretar\u00eda de Gobierno, Ayuntamiento de Cajeme y Secretar\u00eda de Salud, as\u00ed como otras dependencias, estar\u00e1n atentos para apoyar a las v\u00edctimas y familiares.<\/p>\n<p class=\"MsoNormal\">Por otro lado, Salas Ch\u00e1vez detall\u00f3 que en Cajeme es donde m\u00e1s \u00f3rdenes de aprehensi\u00f3n por homicidio se han cumplido por parte de polic\u00edas federales y del estado, y que la estad\u00edstica de estos delitos ha ido a la baja.<\/p>\n<p class=\"MsoNormal\">\u201cDe tres a\u00f1os a la fecha, en el n\u00famero de homicidios hay una clara tendencia a la baja, tanto las cifras totales de delitos y homicidios; estamos incrementando la capacidad de consignaciones, como la capacidad de capturas por parte de las autoridades\u201d, apunt\u00f3.<\/p>\n<p class=\"MsoNormal\">Luego de que se realiz\u00f3 el reporte del ataque, las diversas corporaciones de seguridad de los tres niveles de gobierno montaron un operativo en el lugar y en los alrededores, en busca de los responsables, adem\u00e1s de que se iniciaron las carpetas de investigaci\u00f3n correspondientes; en tanto el Servicio de Medicina Forense (Semefo), realiz\u00f3 el levantamiento de los cuerpos para proceder a su identificaci\u00f3n.<\/p>\n<p class=\"MsoNormal\">Por \u00faltimo, se inform\u00f3 que, de los 26 lesionados, cuatro fueron de gravedad, dos de ellos ya fueron operados, uno m\u00e1s se encuentra en el quir\u00f3fano y otro en espera; el resto presentaron lesiones que no ponen en riesgo su vida, de los cuales nueve contin\u00faan hospitalizados y 13 fueron dados de alta.<\/p>\n","protected":false},"excerpt":{"rendered":"<p>El ataque armado se registr\u00f3 la madrugada de este viernes en Ciudad Obreg\u00f3n, durante una reuni\u00f3n de j\u00f3venes; hombres armados dispararon contra los asistentes.<\/p>\n","protected":false},"author":1,"featured_media":3756,"comment_status":"open","ping_status":"open","sticky":false,"template":"","format":"standard","meta":{"footnotes":""},"categories":[29],"tags":[],"class_list":["post-3755","post","type-post","status-publish","format-standard","has-post-thumbnail","hentry","category-principalsecundaria"],"_links":{"self":[{"href":"https:\/\/elreporterodelacomunidad.com\/index.php\/wp-json\/wp\/v2\/posts\/3755","targetHints":{"allow":["GET"]}}],"collection":[{"href":"https:\/\/elreporterodelacomunidad.com\/index.php\/wp-json\/wp\/v2\/posts"}],"about":[{"href":"https:\/\/elreporterodelacomunidad.com\/index.php\/wp-json\/wp\/v2\/types\/post"}],"author":[{"embeddable":true,"href":"https:\/\/elreporterodelacomunidad.com\/index.php\/wp-json\/wp\/v2\/users\/1"}],"replies":[{"embeddable":true,"href":"https:\/\/elreporterodelacomunidad.com\/index.php\/wp-json\/wp\/v2\/comments?post=3755"}],"version-history":[{"count":0,"href":"https:\/\/elreporterodelacomunidad.com\/index.php\/wp-json\/wp\/v2\/posts\/3755\/revisions"}],"wp:featuredmedia":[{"embeddable":true,"href":"https:\/\/elreporterodelacomunidad.com\/index.php\/wp-json\/wp\/v2\/media\/3756"}],"wp:attachment":[{"href":"https:\/\/elreporterodelacomunidad.com\/index.php\/wp-json\/wp\/v2\/media?parent=3755"}],"wp:term":[{"taxonomy":"category","embeddable":true,"href":"https:\/\/elreporterodelacomunidad.com\/index.php\/wp-json\/wp\/v2\/categories?post=3755"},{"taxonomy":"post_tag","embeddable":true,"href":"https:\/\/elreporterodelacomunidad.com\/index.php\/wp-json\/wp\/v2\/tags?post=3755"}],"curies":[{"name":"wp","href":"https:\/\/api.w.org\/{rel}","templated":true}]}}