{"id":3720,"date":"2024-01-02T00:00:00","date_gmt":"2024-01-02T07:00:00","guid":{"rendered":"https:\/\/elreporterodelacomunidad.com\/index.php\/2024\/01\/02\/sismo-en-japon-deja-al-menos-50-muertos-y-enormes-danos-la-cifra-aun-puede-aumentar\/"},"modified":"2024-05-18T23:14:11","modified_gmt":"2024-05-19T06:14:11","slug":"sismo-en-japon-deja-al-menos-50-muertos-y-enormes-danos-la-cifra-aun-puede-aumentar","status":"publish","type":"post","link":"https:\/\/elreporterodelacomunidad.com\/index.php\/2024\/01\/02\/sismo-en-japon-deja-al-menos-50-muertos-y-enormes-danos-la-cifra-aun-puede-aumentar\/","title":{"rendered":"Sismo en Jap\u00f3n deja al menos 50 muertos y enormes da\u00f1os; la cifra a\u00fan puede aumentar&nbsp;"},"content":{"rendered":"<p class=\"MsoNormal\">Los rescatistas en Jap\u00f3n corren \u201ccontra el tiempo\u201d este martes para rescatar a los sobrevivientes del sismo que sacudi\u00f3 el centro del pa\u00eds el d\u00eda de A\u00f1o Nuevo y dej\u00f3 al menos 50 muertos y enormes da\u00f1os.<\/p>\n<p class=\"MsoNormal\">El potente sismo de magnitud 7.5 golpe\u00f3 el lunes la prefectura de Ishikawa, en la pen\u00ednsula de Noto, en la isla principal de Honshu y seg\u00fan las autoridades locales al menos 50 personas murieron, pero se espera que el balance suba, ya que hay muchas personas atrapadas. <\/p>\n<p class=\"MsoNormal\">Con la luz de la ma\u00f1ana las autoridades de Jap\u00f3n constataron la dimensi\u00f3n de la destrucci\u00f3n en Ishikawa, con edificios a\u00fan humeantes, casas derribadas y barcos pesqueros hundidos o arrastrados a la costa.<\/p>\n<p class=\"MsoNormal\">\u201cSe han confirmado da\u00f1os muy cuantiosos, incluidas numerosas v\u00edctimas, edificios colapsados e incendios\u201d, declar\u00f3 el primer ministro Fumio Kishida tras una reuni\u00f3n de respuesta al desastre.<\/p>\n<p class=\"MsoNormal\">\u201cTenemos que correr contra el tiempo para buscar y rescatar a las v\u00edctimas\u201d, agreg\u00f3.<\/p>\n<p class=\"MsoNormal\">Tomas a\u00e9reas mostraron la devastaci\u00f3n de un incendio en el puerto de Wajima, donde colaps\u00f3 un edificio de siete pisos.<\/p>\n<p class=\"MsoNormal\">Casi 45 mil casas est\u00e1n sin electricidad en la zona, que registr\u00f3 temperaturas heladas durante la noche, dijo la empresa el\u00e9ctrica. Los da\u00f1os causados por los sismos afectaron sobre todo a las casas antiguas, que suelen ser de madera.<\/p>\n<p class=\"MsoNormal\">El portavoz del gobierno, Yoshimasa Hayashi, se\u00f1al\u00f3 \u201cseis casos\u201d de personas que est\u00e1n en edificios derrumbados en la zona de Ishikawa.<\/p>\n<p class=\"MsoNormal\">En un video en la red social X se pudieron ver casas antiguas destruidas en esta regi\u00f3n de Jap\u00f3n.<\/p>\n","protected":false},"excerpt":{"rendered":"<p>El potente sismo de magnitud 7.5 golpe\u00f3 el lunes la prefectura de Ishikawa, en la pen\u00ednsula de Noto, en la isla principal de Honshu y seg\u00fan las autoridades locales al menos 50 personas murieron, pero se espera que el balance suba, ya que hay muchas personas atrapadas.<\/p>\n","protected":false},"author":1,"featured_media":3723,"comment_status":"open","ping_status":"open","sticky":false,"template":"","format":"standard","meta":{"footnotes":""},"categories":[29],"tags":[],"class_list":["post-3720","post","type-post","status-publish","format-standard","has-post-thumbnail","hentry","category-principalsecundaria"],"_links":{"self":[{"href":"https:\/\/elreporterodelacomunidad.com\/index.php\/wp-json\/wp\/v2\/posts\/3720","targetHints":{"allow":["GET"]}}],"collection":[{"href":"https:\/\/elreporterodelacomunidad.com\/index.php\/wp-json\/wp\/v2\/posts"}],"about":[{"href":"https:\/\/elreporterodelacomunidad.com\/index.php\/wp-json\/wp\/v2\/types\/post"}],"author":[{"embeddable":true,"href":"https:\/\/elreporterodelacomunidad.com\/index.php\/wp-json\/wp\/v2\/users\/1"}],"replies":[{"embeddable":true,"href":"https:\/\/elreporterodelacomunidad.com\/index.php\/wp-json\/wp\/v2\/comments?post=3720"}],"version-history":[{"count":1,"href":"https:\/\/elreporterodelacomunidad.com\/index.php\/wp-json\/wp\/v2\/posts\/3720\/revisions"}],"predecessor-version":[{"id":3721,"href":"https:\/\/elreporterodelacomunidad.com\/index.php\/wp-json\/wp\/v2\/posts\/3720\/revisions\/3721"}],"wp:featuredmedia":[{"embeddable":true,"href":"https:\/\/elreporterodelacomunidad.com\/index.php\/wp-json\/wp\/v2\/media\/3723"}],"wp:attachment":[{"href":"https:\/\/elreporterodelacomunidad.com\/index.php\/wp-json\/wp\/v2\/media?parent=3720"}],"wp:term":[{"taxonomy":"category","embeddable":true,"href":"https:\/\/elreporterodelacomunidad.com\/index.php\/wp-json\/wp\/v2\/categories?post=3720"},{"taxonomy":"post_tag","embeddable":true,"href":"https:\/\/elreporterodelacomunidad.com\/index.php\/wp-json\/wp\/v2\/tags?post=3720"}],"curies":[{"name":"wp","href":"https:\/\/api.w.org\/{rel}","templated":true}]}}