{"id":372,"date":"2024-04-28T00:00:00","date_gmt":"2024-04-28T07:00:00","guid":{"rendered":"https:\/\/elreporterodelacomunidad.com\/index.php\/2024\/04\/28\/armas-cartuchos-explosivos-y-vehiculo-asegurados-tras-agresion-a-militares-en-oquitoa\/"},"modified":"2024-05-18T22:00:34","modified_gmt":"2024-05-19T05:00:34","slug":"armas-cartuchos-explosivos-y-vehiculo-asegurados-tras-agresion-a-militares-en-oquitoa","status":"publish","type":"post","link":"https:\/\/elreporterodelacomunidad.com\/index.php\/2024\/04\/28\/armas-cartuchos-explosivos-y-vehiculo-asegurados-tras-agresion-a-militares-en-oquitoa\/","title":{"rendered":"Armas, cartuchos, explosivos y veh\u00edculo asegurados tras agresi\u00f3n a militares en Oquitoa"},"content":{"rendered":"<div>La Fiscal\u00eda General de Justicia del Estado de Sonora (FGJES) asegur\u00f3 fusiles de asalto, cargadores para armas de fuego, m\u00e1s de mil cartuchos \u00fatiles, explosivos y un veh\u00edculo, luego de la agresi\u00f3n que sufrieron efectivos de la Secretar\u00eda de la Defensa Nacional (SEDENA) en un camino de terracer\u00eda en Oquitoa con direcci\u00f3n a \u00c1til.<\/div>\n<div><\/div>\n<div>El procesamiento de la escena se llev\u00f3 a cabo alrededor de las 17:00 horas del pasado 27 de abril por parte del personal de la Direcci\u00f3n de Servicios Periciales de FGJES despu\u00e9s de que se tuvo conocimiento de los hechos.<\/div>\n<div><\/div>\n<div>En el interior de una camioneta tipo pick-up Chevrolet Tahoe de color caf\u00e9, modelo 2002 y sin placas de circulaci\u00f3n, se encontraron dos de los agresores sin vida que a\u00fan no han sido identificados, cada uno de ellos portaba un fusil AK-47, adem\u00e1s, dentro del veh\u00edculo se aseguraron m\u00e1s armas y cartuchos.<\/div>\n<div><\/div>\n<div>En total se procesaron siete fusiles AK-47, dos fusiles AR-15 calibre 5.56, 33 cargadores para AK-47, tres cargadores adicionales para AR-15, 200 cartuchos \u00fatiles calibre 7.62 para ametralladora mini, 834 cartuchos \u00fatiles calibre 7.62&#215;39 y dos explosivos tipo dinamita.<\/div>\n","protected":false},"excerpt":{"rendered":"<p>La Fiscal\u00eda General de Justicia del Estado de Sonora (FGJES) asegur\u00f3 fusiles de asalto, cargadores para armas de fuego, m\u00e1s de mil cartuchos \u00fatiles, explosivos y un veh\u00edculo, luego de la agresi\u00f3n que sufrieron efectivos de la Secretar\u00eda de la Defensa Nacional (SEDENA) en un camino de terracer\u00eda en Oquitoa con direcci\u00f3n a \u00c1til. El [&hellip;]<\/p>\n","protected":false},"author":1,"featured_media":870,"comment_status":"open","ping_status":"open","sticky":false,"template":"","format":"standard","meta":{"footnotes":""},"categories":[32],"tags":[],"class_list":["post-372","post","type-post","status-publish","format-standard","has-post-thumbnail","hentry","category-policiaca"],"_links":{"self":[{"href":"https:\/\/elreporterodelacomunidad.com\/index.php\/wp-json\/wp\/v2\/posts\/372","targetHints":{"allow":["GET"]}}],"collection":[{"href":"https:\/\/elreporterodelacomunidad.com\/index.php\/wp-json\/wp\/v2\/posts"}],"about":[{"href":"https:\/\/elreporterodelacomunidad.com\/index.php\/wp-json\/wp\/v2\/types\/post"}],"author":[{"embeddable":true,"href":"https:\/\/elreporterodelacomunidad.com\/index.php\/wp-json\/wp\/v2\/users\/1"}],"replies":[{"embeddable":true,"href":"https:\/\/elreporterodelacomunidad.com\/index.php\/wp-json\/wp\/v2\/comments?post=372"}],"version-history":[{"count":1,"href":"https:\/\/elreporterodelacomunidad.com\/index.php\/wp-json\/wp\/v2\/posts\/372\/revisions"}],"predecessor-version":[{"id":869,"href":"https:\/\/elreporterodelacomunidad.com\/index.php\/wp-json\/wp\/v2\/posts\/372\/revisions\/869"}],"wp:featuredmedia":[{"embeddable":true,"href":"https:\/\/elreporterodelacomunidad.com\/index.php\/wp-json\/wp\/v2\/media\/870"}],"wp:attachment":[{"href":"https:\/\/elreporterodelacomunidad.com\/index.php\/wp-json\/wp\/v2\/media?parent=372"}],"wp:term":[{"taxonomy":"category","embeddable":true,"href":"https:\/\/elreporterodelacomunidad.com\/index.php\/wp-json\/wp\/v2\/categories?post=372"},{"taxonomy":"post_tag","embeddable":true,"href":"https:\/\/elreporterodelacomunidad.com\/index.php\/wp-json\/wp\/v2\/tags?post=372"}],"curies":[{"name":"wp","href":"https:\/\/api.w.org\/{rel}","templated":true}]}}