{"id":3695,"date":"2024-01-02T00:00:00","date_gmt":"2024-01-02T07:00:00","guid":{"rendered":"https:\/\/elreporterodelacomunidad.com\/index.php\/2024\/01\/02\/temperaturas-llegaran-a-su-punto-mas-bajo-a-partir-del-viernes-en-hermosillo\/"},"modified":"2024-05-18T23:13:47","modified_gmt":"2024-05-19T06:13:47","slug":"temperaturas-llegaran-a-su-punto-mas-bajo-a-partir-del-viernes-en-hermosillo","status":"publish","type":"post","link":"https:\/\/elreporterodelacomunidad.com\/index.php\/2024\/01\/02\/temperaturas-llegaran-a-su-punto-mas-bajo-a-partir-del-viernes-en-hermosillo\/","title":{"rendered":"Temperaturas llegar\u00e1n a su punto m\u00e1s bajo a partir del viernes en Hermosillo&nbsp;"},"content":{"rendered":"<p class=\"MsoNormal\">Hermosillo se prepara para enfrentar un periodo inusualmente fr\u00edo, y seg\u00fan el meteor\u00f3logo de Global Met, Jes\u00fas Antonio Juvera, estas podr\u00edan ser las temperaturas m\u00e1s bajas registradas en lo que va del invierno en la ciudad.<\/p>\n<p class=\"MsoNormal\">A partir del pr\u00f3ximo viernes, se anticipa una marcada disminuci\u00f3n de las temperaturas, con m\u00ednimas que podr\u00edan descender hasta los 5\u00b0C en la zona urbana. En las \u00e1reas perif\u00e9ricas, se pronostican temperaturas incluso por debajo de cero.<\/p>\n<p class=\"MsoNormal\">Esta informaci\u00f3n fue compartida por Jes\u00fas Antonio Juvera a trav\u00e9s de la red social X, donde alert\u00f3 a la poblaci\u00f3n sobre la llegada de un frente fr\u00edo que traer\u00e1 consigo un descenso notable en las temperaturas. Recomend\u00f3 a los ciudadanos tomar precauciones adecuadas para hacer frente a estas condiciones clim\u00e1ticas adversas.<\/p>\n<p class=\"MsoNormal\">Es importante que la comunidad est\u00e9 atenta a los pron\u00f3sticos actualizados y siga las recomendaciones de las autoridades locales para protegerse del fr\u00edo extremo. Adem\u00e1s, se aconseja abrigarse adecuadamente, especialmente durante las horas de la noche y la madrugada, cuando se esperan las temperaturas m\u00e1s bajas.<\/p>\n<p class=\"MsoNormal\">Se insta a la poblaci\u00f3n a mantenerse informada sobre cualquier actualizaci\u00f3n en el pron\u00f3stico del tiempo y a tomar las medidas necesarias para salvaguardar su bienestar y el de sus familias.<\/p>\n","protected":false},"excerpt":{"rendered":"<p>A partir del pr\u00f3ximo viernes, se anticipa una marcada disminuci\u00f3n de las temperaturas, con m\u00ednimas que podr\u00edan descender hasta los 5\u00b0C en la zona urbana.<\/p>\n","protected":false},"author":1,"featured_media":3698,"comment_status":"open","ping_status":"open","sticky":false,"template":"","format":"standard","meta":{"footnotes":""},"categories":[41],"tags":[],"class_list":["post-3695","post","type-post","status-publish","format-standard","has-post-thumbnail","hentry","category-cultura"],"_links":{"self":[{"href":"https:\/\/elreporterodelacomunidad.com\/index.php\/wp-json\/wp\/v2\/posts\/3695","targetHints":{"allow":["GET"]}}],"collection":[{"href":"https:\/\/elreporterodelacomunidad.com\/index.php\/wp-json\/wp\/v2\/posts"}],"about":[{"href":"https:\/\/elreporterodelacomunidad.com\/index.php\/wp-json\/wp\/v2\/types\/post"}],"author":[{"embeddable":true,"href":"https:\/\/elreporterodelacomunidad.com\/index.php\/wp-json\/wp\/v2\/users\/1"}],"replies":[{"embeddable":true,"href":"https:\/\/elreporterodelacomunidad.com\/index.php\/wp-json\/wp\/v2\/comments?post=3695"}],"version-history":[{"count":1,"href":"https:\/\/elreporterodelacomunidad.com\/index.php\/wp-json\/wp\/v2\/posts\/3695\/revisions"}],"predecessor-version":[{"id":3696,"href":"https:\/\/elreporterodelacomunidad.com\/index.php\/wp-json\/wp\/v2\/posts\/3695\/revisions\/3696"}],"wp:featuredmedia":[{"embeddable":true,"href":"https:\/\/elreporterodelacomunidad.com\/index.php\/wp-json\/wp\/v2\/media\/3698"}],"wp:attachment":[{"href":"https:\/\/elreporterodelacomunidad.com\/index.php\/wp-json\/wp\/v2\/media?parent=3695"}],"wp:term":[{"taxonomy":"category","embeddable":true,"href":"https:\/\/elreporterodelacomunidad.com\/index.php\/wp-json\/wp\/v2\/categories?post=3695"},{"taxonomy":"post_tag","embeddable":true,"href":"https:\/\/elreporterodelacomunidad.com\/index.php\/wp-json\/wp\/v2\/tags?post=3695"}],"curies":[{"name":"wp","href":"https:\/\/api.w.org\/{rel}","templated":true}]}}