{"id":3667,"date":"2024-01-03T00:00:00","date_gmt":"2024-01-03T07:00:00","guid":{"rendered":"https:\/\/elreporterodelacomunidad.com\/index.php\/2024\/01\/03\/sin-reporte-de-danos-tras-sismo-de-4-4-grados-en-guaymas-sonora-proteccion-civil\/"},"modified":"2024-01-03T00:00:00","modified_gmt":"2024-01-03T07:00:00","slug":"sin-reporte-de-danos-tras-sismo-de-4-4-grados-en-guaymas-sonora-proteccion-civil","status":"publish","type":"post","link":"https:\/\/elreporterodelacomunidad.com\/index.php\/2024\/01\/03\/sin-reporte-de-danos-tras-sismo-de-4-4-grados-en-guaymas-sonora-proteccion-civil\/","title":{"rendered":"Sin reporte de da\u00f1os tras sismo de 4.4 grados en Guaymas, Sonora: Protecci\u00f3n civil"},"content":{"rendered":"<p class=\"MsoNormal\">El Servicio Sismol\u00f3gico Nacional (SSN) report\u00f3 un sismo de 4.4 grados escala de Ritcher, a 70 kil\u00f3metros al suroeste de Guaymas.<\/p>\n<p class=\"MsoNormal\">La Coordinaci\u00f3n Estatal de Protecci\u00f3n Civil (CEPC) en Sonora inform\u00f3 que se coordina con gobiernos municipales para revisar si hay alg\u00fan reporte de da\u00f1os tras el sismo que se registr\u00f3 en Guaymas a las 7.23 horas de este d\u00eda mi\u00e9rcoles 3 de enero.<\/p>\n<p class=\"MsoNormal\">Hasta el momento no se tiene reporte de ning\u00fan da\u00f1o o afectaci\u00f3n de importancia.<\/p>\n","protected":false},"excerpt":{"rendered":"<p>La Coordinaci\u00f3n Estatal de Protecci\u00f3n Civil en Sonora inform\u00f3 que se coordina con gobiernos municipales para revisar si hay alg\u00fan reporte<\/p>\n","protected":false},"author":1,"featured_media":3668,"comment_status":"open","ping_status":"open","sticky":false,"template":"","format":"standard","meta":{"footnotes":""},"categories":[29],"tags":[],"class_list":["post-3667","post","type-post","status-publish","format-standard","has-post-thumbnail","hentry","category-principalsecundaria"],"_links":{"self":[{"href":"https:\/\/elreporterodelacomunidad.com\/index.php\/wp-json\/wp\/v2\/posts\/3667","targetHints":{"allow":["GET"]}}],"collection":[{"href":"https:\/\/elreporterodelacomunidad.com\/index.php\/wp-json\/wp\/v2\/posts"}],"about":[{"href":"https:\/\/elreporterodelacomunidad.com\/index.php\/wp-json\/wp\/v2\/types\/post"}],"author":[{"embeddable":true,"href":"https:\/\/elreporterodelacomunidad.com\/index.php\/wp-json\/wp\/v2\/users\/1"}],"replies":[{"embeddable":true,"href":"https:\/\/elreporterodelacomunidad.com\/index.php\/wp-json\/wp\/v2\/comments?post=3667"}],"version-history":[{"count":0,"href":"https:\/\/elreporterodelacomunidad.com\/index.php\/wp-json\/wp\/v2\/posts\/3667\/revisions"}],"wp:featuredmedia":[{"embeddable":true,"href":"https:\/\/elreporterodelacomunidad.com\/index.php\/wp-json\/wp\/v2\/media\/3668"}],"wp:attachment":[{"href":"https:\/\/elreporterodelacomunidad.com\/index.php\/wp-json\/wp\/v2\/media?parent=3667"}],"wp:term":[{"taxonomy":"category","embeddable":true,"href":"https:\/\/elreporterodelacomunidad.com\/index.php\/wp-json\/wp\/v2\/categories?post=3667"},{"taxonomy":"post_tag","embeddable":true,"href":"https:\/\/elreporterodelacomunidad.com\/index.php\/wp-json\/wp\/v2\/tags?post=3667"}],"curies":[{"name":"wp","href":"https:\/\/api.w.org\/{rel}","templated":true}]}}