{"id":3588,"date":"2024-01-05T00:00:00","date_gmt":"2024-01-05T07:00:00","guid":{"rendered":"https:\/\/elreporterodelacomunidad.com\/index.php\/2024\/01\/05\/muere-el-empresario-carlos-bremer-por-complicaciones-de-salud-en-san-pedro-garza-garcia-nl\/"},"modified":"2024-05-18T23:11:57","modified_gmt":"2024-05-19T06:11:57","slug":"muere-el-empresario-carlos-bremer-por-complicaciones-de-salud-en-san-pedro-garza-garcia-nl","status":"publish","type":"post","link":"https:\/\/elreporterodelacomunidad.com\/index.php\/2024\/01\/05\/muere-el-empresario-carlos-bremer-por-complicaciones-de-salud-en-san-pedro-garza-garcia-nl\/","title":{"rendered":"Muere el empresario Carlos Bremer por complicaciones de salud en San Pedro Garza Garc\u00eda, NL"},"content":{"rendered":"<p class=\"MsoNormal\">Este viernes 5 de enero, falleci\u00f3 el empresario Carlos Bremer en Nuevo Le\u00f3n a los 63 a\u00f1os. Grupo Value inform\u00f3 as\u00ed del deceso:<\/p>\n<p class=\"MsoNormal\">&#8220;Con profunda tristeza, Value Grupo Financiero, S.A.B. de C.V. (\u201cValue Grupo Financiero\u201d) comunica que el se\u00f1or Carlos Bremer Guti\u00e9rrez, Presidente del Consejo de Administraci\u00f3n y Director General de esta emisora, falleci\u00f3 el d\u00eda de hoy, 5 de enero del a\u00f1o en curso, en un hospital del \u00e1rea metropolitana de Monterrey, debido a complicaciones derivadas del desvanecimiento que sufri\u00f3 el martes 2 de enero de 2024&#8221;.<\/p>\n<p class=\"MsoNormal\">El pasado 2 de enero, el empresario sufri\u00f3 un desvanecimiento, al parecer por un preinfarto, en sus oficinas de Grupo Value en la colonia Bosques del Valle, en el municipio de San Pedro Garza Garc\u00eda.<\/p>\n<p class=\"MsoNormal\">Empresarios y amigos lamentan muerte de Carlos Bremer<\/p>\n<p class=\"MsoNormal\">Concamin expres\u00f3 en sus redes sociales su p\u00e9same. &#8220;Nos unimos a la pena que embarga a la familia&#8221;.<\/p>\n<p class=\"MsoNormal\">Carmen Patricia Armend\u00e1riz as\u00ed despidi\u00f3 a uno de los Shark m\u00e1s queridos: &#8220;Yo acabo de perder un hermano verdadero. M\u00e9xico perdi\u00f3 a un benefactor imparable de los j\u00f3venes deportistas. En mi coraz\u00f3n querido@carlosbremer&#8221;, escribi\u00f3 en su cuenta de X.<\/p>\n<p class=\"MsoNormal\">El gobernador de NL, Samuel Garc\u00eda lament\u00f3 la muerte de &#8220;uno de los m\u00e1s destacados impulsores de Nuevo Le\u00f3n y un altruista de coraz\u00f3n. Su partida nos llena de dolor, pero sabemos que su legado es grande y que su nombre qued\u00f3 grabado en el coraz\u00f3n de miles de personas&#8221;, asegur\u00f3.<\/p>\n<p class=\"MsoNormal\">A las condolencias se sum\u00f3 el alcalde de San Pedro Garza Garc\u00eda, Miguel B. Trevi\u00f1o. &#8220;Te vamos a extra\u00f1ar, Carlos. Un empresario que disfrutaba poner el nombre de M\u00e9xico en alto, resaltando el trabajo de mexicanos excepcionales. Y un gran amigo&#8221;, expres\u00f3.<\/p>\n<p class=\"MsoNormal\">La precandidata de Morena, Claudia Sheinbaum lament\u00f3 la muerte del empresario: &#8220;La \u00faltima vez que lo vi, fue en un evento en Nuevo Le\u00f3n, donde firm\u00f3 su adhesi\u00f3n a seguir colaborando con la transformaci\u00f3n de M\u00e9xico&#8221;, escribi\u00f3 en su cuenta de X.<\/p>\n<p class=\"MsoNormal\">Bremer ser\u00e1 recordado como un impulsor del deporte en M\u00e9xico y as\u00ed lo despidi\u00f3 el Canelo Alvarez &#8220;Gracias por tu apoyo y tus ense\u00f1anzas, te recordar\u00e9 con cari\u00f1o y admiraci\u00f3n. Buen viaje, querido amigo&#8221;.<\/p>\n<p class=\"MsoNormal\">Salinas Pliego env\u00eda mensaje a familia Bremer<\/p>\n<p class=\"MsoNormal\">Tras darse a conocer el fallecimiento de Carlos Bremer, Ricardo Salinas Pliego envi\u00f3 sus condolencias a la familia del empresario.<\/p>\n<p class=\"MsoNormal\">D\u00edas antes al enterarse que hab\u00eda sufrido un desvanecimiento, Salinas le dese\u00f3 una pronta recuperaci\u00f3n a su amigo.<\/p>\n<p class=\"MsoNormal\">&#8220;Carlos Bremer era mi querido amigo, fue una gran persona y siempre tuvo atenciones conmigo y toda mi familia, es muy lamentable enterarme de su pronta partida\u2026 mi familia y yo le mandamos nuestras condolencias y le deseamos pronta resignaci\u00f3n a toda su familia y amigos&#8221;, as\u00ed lo despidi\u00f3.<\/p>\n<p class=\"MsoNormal\">\u00bfQui\u00e9n es Carlos Bremer?<\/p>\n<p class=\"MsoNormal\">El empresario Carlos Bremer se volvi\u00f3 una figura reconocida por su participaci\u00f3n en el reality show Shark Tank M\u00e9xico. Tambi\u00e9n, es un destacado impulsor del deporte en M\u00e9xico.<\/p>\n<p class=\"MsoNormal\">En 2019, adquiri\u00f3 la casa de Zhenli Ye Gon, un empresario de origen chino-mexicano que fue acusado de lavado de dinero y tr\u00e1fico de drogas, por 102 millones de pesos y don\u00f3 el monto para becar a los atletas que participaron en los Juegos Panamericanos de Lima, quienes en aquella edici\u00f3n entregaron a M\u00e9xico 37 medallas de oro, 36 de plata y 63 de bronce, ocupando el tercer lugar de la competencia.<\/p>\n<p class=\"MsoNormal\">Mario Delgado lamenta muerte del empresario Carlos Bremer<\/p>\n<p class=\"MsoNormal\">&#8220;Fue un empresario que comenz\u00f3 desde abajo y que nunca perdi\u00f3 su alta visi\u00f3n social; sin duda vamos a extra\u00f1ar al hombre comprometido con su pa\u00eds, con apoyar a las mexicanas y mexicanos que, mediante el deporte y la educaci\u00f3n, ponen en alto el nombre de M\u00e9xico&#8221;, expres\u00f3 en su cuenta de X.<\/p>\n","protected":false},"excerpt":{"rendered":"<p>El pasado 2 de enero, el &#8220;Tibur\u00f3n&#8221;&nbsp;sufri\u00f3 un preinfarto y se desvaneci\u00f3 en las oficinas de Value Grupo Financiero.<\/p>\n","protected":false},"author":1,"featured_media":3589,"comment_status":"open","ping_status":"open","sticky":false,"template":"","format":"standard","meta":{"footnotes":""},"categories":[29],"tags":[],"class_list":["post-3588","post","type-post","status-publish","format-standard","has-post-thumbnail","hentry","category-principalsecundaria"],"_links":{"self":[{"href":"https:\/\/elreporterodelacomunidad.com\/index.php\/wp-json\/wp\/v2\/posts\/3588","targetHints":{"allow":["GET"]}}],"collection":[{"href":"https:\/\/elreporterodelacomunidad.com\/index.php\/wp-json\/wp\/v2\/posts"}],"about":[{"href":"https:\/\/elreporterodelacomunidad.com\/index.php\/wp-json\/wp\/v2\/types\/post"}],"author":[{"embeddable":true,"href":"https:\/\/elreporterodelacomunidad.com\/index.php\/wp-json\/wp\/v2\/users\/1"}],"replies":[{"embeddable":true,"href":"https:\/\/elreporterodelacomunidad.com\/index.php\/wp-json\/wp\/v2\/comments?post=3588"}],"version-history":[{"count":1,"href":"https:\/\/elreporterodelacomunidad.com\/index.php\/wp-json\/wp\/v2\/posts\/3588\/revisions"}],"predecessor-version":[{"id":3590,"href":"https:\/\/elreporterodelacomunidad.com\/index.php\/wp-json\/wp\/v2\/posts\/3588\/revisions\/3590"}],"wp:featuredmedia":[{"embeddable":true,"href":"https:\/\/elreporterodelacomunidad.com\/index.php\/wp-json\/wp\/v2\/media\/3589"}],"wp:attachment":[{"href":"https:\/\/elreporterodelacomunidad.com\/index.php\/wp-json\/wp\/v2\/media?parent=3588"}],"wp:term":[{"taxonomy":"category","embeddable":true,"href":"https:\/\/elreporterodelacomunidad.com\/index.php\/wp-json\/wp\/v2\/categories?post=3588"},{"taxonomy":"post_tag","embeddable":true,"href":"https:\/\/elreporterodelacomunidad.com\/index.php\/wp-json\/wp\/v2\/tags?post=3588"}],"curies":[{"name":"wp","href":"https:\/\/api.w.org\/{rel}","templated":true}]}}