{"id":3560,"date":"2024-01-05T00:00:00","date_gmt":"2024-01-05T07:00:00","guid":{"rendered":"https:\/\/elreporterodelacomunidad.com\/index.php\/2024\/01\/05\/celebra-el-congreso-de-sonora-la-primera-sesion-del-ano-de-la-diputacion-permanente\/"},"modified":"2024-01-05T00:00:00","modified_gmt":"2024-01-05T07:00:00","slug":"celebra-el-congreso-de-sonora-la-primera-sesion-del-ano-de-la-diputacion-permanente","status":"publish","type":"post","link":"https:\/\/elreporterodelacomunidad.com\/index.php\/2024\/01\/05\/celebra-el-congreso-de-sonora-la-primera-sesion-del-ano-de-la-diputacion-permanente\/","title":{"rendered":"Celebra el Congreso de Sonora la primera sesi\u00f3n del a\u00f1o de la Diputaci\u00f3n Permanente"},"content":{"rendered":"<p class=\"MsoNormal\">Durante la primera sesi\u00f3n ordinaria del a\u00f1o de la mesa directiva de la Diputaci\u00f3n Permanente, encabezada por la diputada Claudia Zulema Bours Corral (PVEM), se dio tr\u00e1mite a diversos asuntos recibidos del 18 al 29 de diciembre del a\u00f1o pasado, los cuales fueron turnados a las comisiones de dictamen de acuerdo con su naturaleza.<\/p>\n<p class=\"MsoNormal\">En la reuni\u00f3n, en la que tambi\u00e9n participaron los diputados Jos\u00e9 Rafael Ram\u00edrez Morales y Luis Arturo Robles Higuera (Morena), secretario y suplente de la mesa directiva, respectivamente, se llev\u00f3 a cabo un minuto de silencio por el sensible fallecimiento del profesor Alfredo L\u00f3pez Aceves. Este \u00faltimo fue presidente municipal de Puerto Pe\u00f1asco en el periodo de 1982-1985 y legislador por el Distrito 02 con cabecera en Puerto Pe\u00f1asco en la 56 Legislatura, correspondiente al periodo 2000 \u2013 2003.<\/p>\n<p class=\"MsoNormal\">Con oportunidad, se publicar\u00e1 en la Gaceta Parlamentaria el aviso para la celebraci\u00f3n de la pr\u00f3xima sesi\u00f3n ordinaria de la Diputaci\u00f3n Permanente.<\/p>\n","protected":false},"excerpt":{"rendered":"<p>Durante la primera sesi\u00f3n ordinaria del a\u00f1o de la mesa directiva de la Diputaci\u00f3n Permanente, encabezada por la diputada Claudia Zulema Bours Corral (PVEM), se dio tr\u00e1mite a diversos asuntos recibidos del 18 al 29 de diciembre del a\u00f1o pasado, los cuales fueron turnados a las comisiones de dictamen de acuerdo con su naturaleza. En [&hellip;]<\/p>\n","protected":false},"author":1,"featured_media":3561,"comment_status":"open","ping_status":"open","sticky":false,"template":"","format":"standard","meta":{"footnotes":""},"categories":[36],"tags":[],"class_list":["post-3560","post","type-post","status-publish","format-standard","has-post-thumbnail","hentry","category-educacion"],"_links":{"self":[{"href":"https:\/\/elreporterodelacomunidad.com\/index.php\/wp-json\/wp\/v2\/posts\/3560","targetHints":{"allow":["GET"]}}],"collection":[{"href":"https:\/\/elreporterodelacomunidad.com\/index.php\/wp-json\/wp\/v2\/posts"}],"about":[{"href":"https:\/\/elreporterodelacomunidad.com\/index.php\/wp-json\/wp\/v2\/types\/post"}],"author":[{"embeddable":true,"href":"https:\/\/elreporterodelacomunidad.com\/index.php\/wp-json\/wp\/v2\/users\/1"}],"replies":[{"embeddable":true,"href":"https:\/\/elreporterodelacomunidad.com\/index.php\/wp-json\/wp\/v2\/comments?post=3560"}],"version-history":[{"count":0,"href":"https:\/\/elreporterodelacomunidad.com\/index.php\/wp-json\/wp\/v2\/posts\/3560\/revisions"}],"wp:featuredmedia":[{"embeddable":true,"href":"https:\/\/elreporterodelacomunidad.com\/index.php\/wp-json\/wp\/v2\/media\/3561"}],"wp:attachment":[{"href":"https:\/\/elreporterodelacomunidad.com\/index.php\/wp-json\/wp\/v2\/media?parent=3560"}],"wp:term":[{"taxonomy":"category","embeddable":true,"href":"https:\/\/elreporterodelacomunidad.com\/index.php\/wp-json\/wp\/v2\/categories?post=3560"},{"taxonomy":"post_tag","embeddable":true,"href":"https:\/\/elreporterodelacomunidad.com\/index.php\/wp-json\/wp\/v2\/tags?post=3560"}],"curies":[{"name":"wp","href":"https:\/\/api.w.org\/{rel}","templated":true}]}}