{"id":3547,"date":"2024-01-07T00:00:00","date_gmt":"2024-01-07T07:00:00","guid":{"rendered":"https:\/\/elreporterodelacomunidad.com\/index.php\/2024\/01\/07\/invita-cecyte-sonora-a-la-comunidad-estudiantil-a-realizar-en-tiempo-y-forma-su-proceso-de-reinscripcion\/"},"modified":"2024-01-07T00:00:00","modified_gmt":"2024-01-07T07:00:00","slug":"invita-cecyte-sonora-a-la-comunidad-estudiantil-a-realizar-en-tiempo-y-forma-su-proceso-de-reinscripcion","status":"publish","type":"post","link":"https:\/\/elreporterodelacomunidad.com\/index.php\/2024\/01\/07\/invita-cecyte-sonora-a-la-comunidad-estudiantil-a-realizar-en-tiempo-y-forma-su-proceso-de-reinscripcion\/","title":{"rendered":"Invita Cecyte Sonora a la comunidad estudiantil a realizar en tiempo y forma su proceso de reinscripci\u00f3n"},"content":{"rendered":"<p class=\"MsoNormal\">Para que contin\u00faen su formaci\u00f3n educativa de nivel medio superior, el Colegio de Estudios Cient\u00edficos y Tecnol\u00f3gicos del Estado de Sonora (Cecyte) hizo un llamado a la comunidad estudiantil a que realicen en tiempo y forma su proceso de reinscripci\u00f3n.<\/p>\n<p class=\"MsoNormal\">Blanca Aurelia Valenzuela, directora general de Cecyte Sonora indic\u00f3 que el nuevo semestre iniciar\u00e1 el 22 de enero, por lo que el alumnado debe concretar su reinscripci\u00f3n del 15 al 19 de este mes mediante un proceso \u00e1gil en el portal Saeva.cecytes.edu.mx.<\/p>\n<p class=\"MsoNormal\">Exhort\u00f3 a padres y madres de familia, as\u00ed como a tutores, a brindar acompa\u00f1amiento a los j\u00f3venes con el prop\u00f3sito de que no interrumpan sus estudios y sigan accediendo a las distintos programas de apoyo que otorga el Gobierno de Sonora a la comunidad escolar.<\/p>\n<p class=\"MsoNormal\">La titular de Cecyte agreg\u00f3 que en los 30 planteles de bachillerato tecnol\u00f3gico, 20 planteles de educaci\u00f3n Media Superior a Distancia (EMSaD) y 34 Telebachilleratos Comunitarios (TBC) se cuenta con m\u00e1s de 24 mil estudiantes.<\/p>\n<p class=\"MsoNormal\">Resalt\u00f3 que en caso de requerir m\u00e1s informaci\u00f3n u orientaci\u00f3n sobre el proceso de reinscripci\u00f3n, pueden acudir al plantel donde ser\u00e1n atendidos por el personal docente, directivo y administrativo, quienes resolver\u00e1n cualquier duda al respecto.<\/p>\n","protected":false},"excerpt":{"rendered":"<p>Para que contin\u00faen su formaci\u00f3n educativa de nivel medio superior, el Colegio de Estudios Cient\u00edficos y Tecnol\u00f3gicos del Estado de Sonora (Cecyte) hizo un llamado a la comunidad estudiantil a que realicen en tiempo y forma su proceso de reinscripci\u00f3n. Blanca Aurelia Valenzuela, directora general de Cecyte Sonora indic\u00f3 que el nuevo semestre iniciar\u00e1 el [&hellip;]<\/p>\n","protected":false},"author":1,"featured_media":3548,"comment_status":"open","ping_status":"open","sticky":false,"template":"","format":"standard","meta":{"footnotes":""},"categories":[36],"tags":[],"class_list":["post-3547","post","type-post","status-publish","format-standard","has-post-thumbnail","hentry","category-educacion"],"_links":{"self":[{"href":"https:\/\/elreporterodelacomunidad.com\/index.php\/wp-json\/wp\/v2\/posts\/3547","targetHints":{"allow":["GET"]}}],"collection":[{"href":"https:\/\/elreporterodelacomunidad.com\/index.php\/wp-json\/wp\/v2\/posts"}],"about":[{"href":"https:\/\/elreporterodelacomunidad.com\/index.php\/wp-json\/wp\/v2\/types\/post"}],"author":[{"embeddable":true,"href":"https:\/\/elreporterodelacomunidad.com\/index.php\/wp-json\/wp\/v2\/users\/1"}],"replies":[{"embeddable":true,"href":"https:\/\/elreporterodelacomunidad.com\/index.php\/wp-json\/wp\/v2\/comments?post=3547"}],"version-history":[{"count":0,"href":"https:\/\/elreporterodelacomunidad.com\/index.php\/wp-json\/wp\/v2\/posts\/3547\/revisions"}],"wp:featuredmedia":[{"embeddable":true,"href":"https:\/\/elreporterodelacomunidad.com\/index.php\/wp-json\/wp\/v2\/media\/3548"}],"wp:attachment":[{"href":"https:\/\/elreporterodelacomunidad.com\/index.php\/wp-json\/wp\/v2\/media?parent=3547"}],"wp:term":[{"taxonomy":"category","embeddable":true,"href":"https:\/\/elreporterodelacomunidad.com\/index.php\/wp-json\/wp\/v2\/categories?post=3547"},{"taxonomy":"post_tag","embeddable":true,"href":"https:\/\/elreporterodelacomunidad.com\/index.php\/wp-json\/wp\/v2\/tags?post=3547"}],"curies":[{"name":"wp","href":"https:\/\/api.w.org\/{rel}","templated":true}]}}